{"id":890,"date":"2026-04-21T08:08:55","date_gmt":"2026-04-21T06:08:55","guid":{"rendered":"https:\/\/iudesp.es\/va\/el-iudesp-desenvolupa-al-maig-el-cicle-de-conferencies-conflictes-globals-i-crisi-sistemica-reflexions-des-de-la-investigacio-la-comunicacio-i-l-accio-html\/"},"modified":"2026-04-21T08:08:55","modified_gmt":"2026-04-21T06:08:55","slug":"el-iudesp-desenvolupa-al-maig-el-cicle-de-conferencies-conflictes-globals-i-crisi-sistemica-reflexions-des-de-la-investigacio-la-comunicacio-i-l-accio-html","status":"publish","type":"post","link":"https:\/\/iudesp.es\/va\/el-iudesp-desenvolupa-al-maig-el-cicle-de-conferencies-conflictes-globals-i-crisi-sistemica-reflexions-des-de-la-investigacio-la-comunicacio-i-l-accio-html\/","title":{"rendered":"El IUDESP desenvolupa al maig el Cicle de confer\u00e8ncies &#8220;Conflictes globals i crisi sist\u00e8mica. Reflexions des de la investigaci\u00f3, la comunicaci\u00f3 i l&#8217;acci\u00f3&#8221;"},"content":{"rendered":"<div>\n<p style=\"text-align: left;\">L&#8217;Institut <a href=\"https:\/\/iudesp.es\/\"> Interuniversitari de Desenvolupament Social i Pau (IUDESP)<\/a> de la Universitat d&#8217;Alacant organitza el<a title=\"cartell conferencies maig 26\" href=\"https:\/\/web.ua.es\/es\/iudesp\/imagenes\/actividades\/2026\/cartel-conferencias-mayo-26.jpg\"> Cicle de confer\u00e8ncies \u201cConflictes globals i crisi sist\u00e8mica: reflexions des de la investigaci\u00f3, la comunicaci\u00f3 i l&#8217;acci\u00f3\u201d<\/a> que es desenvolupa entre el dia 12 i el 15 de maig de 2026. Compta amb la participaci\u00f3 d&#8217;investigadors de primer nivell que han abordat diversos conflictes b\u00e8l\u00b7lics i han analitzat la situaci\u00f3 geopol\u00edtica des de diverses disciplines, com la sociologia, la ci\u00e8ncia pol\u00edtica i el periodisme. Les confer\u00e8ncies estan dirigides al p\u00fablic en general, a l&#8217;estudiantat de la UA i a totes aquelles persones i entitats que treballen en l&#8217;\u00e0mbit de la cooperaci\u00f3 per al desenvolupament i la pau.<\/p>\n<\/div>\n<p><a href=\"https:\/\/web.ua.es\/va\/iudesp\/noticias\/2026\/el-iudesp-desenvolupa-al-maig-el-cicle-de-conferencies-conflictes-globals-i-crisi-sistemica.-reflexions-des-de-la-investigacio-la-comunicacio-i-l-accio.html\">\u2192<\/a><\/p>\n","protected":false},"excerpt":{"rendered":"<p>L&#8217;Institut Interuniversitari de Desenvolupament Social i Pau (IUDESP) de la Universitat d&#8217;Alacant organitza el Cicle de confer\u00e8ncies \u201cConflictes globals i crisi sist\u00e8mica: reflexions des de la investigaci\u00f3, la comunicaci\u00f3 i l&#8217;acci\u00f3\u201d que es desenvolupa entre el dia 12 i el 15 de maig de 2026. Compta amb la participaci\u00f3 d&#8217;investigadors de primer nivell que han [&hellip;]<\/p>\n","protected":false},"author":7,"featured_media":0,"comment_status":"closed","ping_status":"closed","sticky":false,"template":"","format":"standard","meta":{"footnotes":""},"categories":[9],"tags":[],"class_list":["post-890","post","type-post","status-publish","format-standard","hentry","category-noticias"],"_links":{"self":[{"href":"https:\/\/iudesp.es\/va\/wp-json\/wp\/v2\/posts\/890","targetHints":{"allow":["GET"]}}],"collection":[{"href":"https:\/\/iudesp.es\/va\/wp-json\/wp\/v2\/posts"}],"about":[{"href":"https:\/\/iudesp.es\/va\/wp-json\/wp\/v2\/types\/post"}],"author":[{"embeddable":true,"href":"https:\/\/iudesp.es\/va\/wp-json\/wp\/v2\/users\/7"}],"replies":[{"embeddable":true,"href":"https:\/\/iudesp.es\/va\/wp-json\/wp\/v2\/comments?post=890"}],"version-history":[{"count":0,"href":"https:\/\/iudesp.es\/va\/wp-json\/wp\/v2\/posts\/890\/revisions"}],"wp:attachment":[{"href":"https:\/\/iudesp.es\/va\/wp-json\/wp\/v2\/media?parent=890"}],"wp:term":[{"taxonomy":"category","embeddable":true,"href":"https:\/\/iudesp.es\/va\/wp-json\/wp\/v2\/categories?post=890"},{"taxonomy":"post_tag","embeddable":true,"href":"https:\/\/iudesp.es\/va\/wp-json\/wp\/v2\/tags?post=890"}],"curies":[{"name":"wp","href":"https:\/\/api.w.org\/{rel}","templated":true}]}}