{"id":821,"date":"2025-04-16T00:00:00","date_gmt":"2025-04-15T22:00:00","guid":{"rendered":"https:\/\/iudesp.es\/va\/chso-12716\/"},"modified":"2025-04-16T00:00:00","modified_gmt":"2025-04-15T22:00:00","slug":"chso-12716","status":"publish","type":"post","link":"https:\/\/iudesp.es\/va\/chso-12716\/","title":{"rendered":"Empowerment evaluation: Key methodology aspects from participatory research and intervention with Roma girls"},"content":{"rendered":"<div>\n<p>Autors: <a id=\"a1_Ctrl\" class=\"author-name accordion-tabbed__control\" role=\"button\" href=\"https:\/\/onlinelibrary.wiley.com\/authored-by\/Franc%C3%83%C2%A9s%C3%A2%C2%80%C2%90Garc%C3%83%C2%ADa\/Francisco\" data-id=\"a1\" data-db-target-for=\"a1\" aria-controls=\"a1\" aria-haspopup=\"true\">Francisco Franc\u00e9s-Garc\u00eda<\/a>,\u00a0<a id=\"a2_Ctrl\" class=\"author-name accordion-tabbed__control\" role=\"button\" href=\"https:\/\/onlinelibrary.wiley.com\/authored-by\/La+Parra%C3%A2%C2%80%C2%90Casado\/Daniel\" data-id=\"a2\" data-db-target-for=\"a2\" aria-controls=\"a2\" aria-haspopup=\"true\">Daniel La Parra-Casado<\/a>,\u00a0<a id=\"a3_Ctrl\" class=\"author-name accordion-tabbed__control\" role=\"button\" href=\"https:\/\/onlinelibrary.wiley.com\/authored-by\/Sanch%C3%83%C2%ADs%C3%A2%C2%80%C2%90Ram%C3%83%C2%B3n\/Mar%C3%83%C2%ADa+Jos%C3%83%C2%A9\" data-id=\"a3\" data-db-target-for=\"a3\" aria-controls=\"a3\" aria-haspopup=\"true\">Mar\u00eda Jos\u00e9 Sanch\u00eds-Ram\u00f3n<\/a>,\u00a0<a id=\"a4_Ctrl\" class=\"author-name accordion-tabbed__control\" role=\"button\" href=\"https:\/\/onlinelibrary.wiley.com\/authored-by\/Camacho\/Mar%C3%83%C2%ADa+F%C3%83%C2%A9lix+Rodr%C3%83%C2%ADguez\" data-id=\"a4\" data-db-target-for=\"a4\" aria-controls=\"a4\" aria-haspopup=\"true\">Mar\u00eda F\u00e9lix Rodr\u00edguez Camacho<\/a>,\u00a0<a id=\"a5_Ctrl\" class=\"author-name accordion-tabbed__control\" role=\"button\" href=\"https:\/\/onlinelibrary.wiley.com\/authored-by\/Gil%C3%A2%C2%80%C2%90Gonz%C3%83%C2%A1lez\/Diana\" data-id=\"a5\" data-db-target-for=\"a5\" aria-controls=\"a5\" aria-haspopup=\"true\">Diana Gil-Gonz\u00e1lez<\/a><\/p>\n<p>Avaluant l&#8217;empoderament de poblacions al llarg de processos d&#8217;investigaci\u00f3 i intervenci\u00f3.<\/p>\n<\/div>\n<p><a href=\"https:\/\/onlinelibrary.wiley.com\/doi\/10.1111\/chso.12716\">\u2192<\/a><\/p>\n","protected":false},"excerpt":{"rendered":"<p>Autors: Francisco Franc\u00e9s-Garc\u00eda,\u00a0Daniel La Parra-Casado,\u00a0Mar\u00eda Jos\u00e9 Sanch\u00eds-Ram\u00f3n,\u00a0Mar\u00eda F\u00e9lix Rodr\u00edguez Camacho,\u00a0Diana Gil-Gonz\u00e1lez Avaluant l&#8217;empoderament de poblacions al llarg de processos d&#8217;investigaci\u00f3 i intervenci\u00f3. \u2192<\/p>\n","protected":false},"author":7,"featured_media":0,"comment_status":"closed","ping_status":"closed","sticky":false,"template":"","format":"standard","meta":{"footnotes":""},"categories":[9],"tags":[],"class_list":["post-821","post","type-post","status-publish","format-standard","hentry","category-noticias"],"_links":{"self":[{"href":"https:\/\/iudesp.es\/va\/wp-json\/wp\/v2\/posts\/821","targetHints":{"allow":["GET"]}}],"collection":[{"href":"https:\/\/iudesp.es\/va\/wp-json\/wp\/v2\/posts"}],"about":[{"href":"https:\/\/iudesp.es\/va\/wp-json\/wp\/v2\/types\/post"}],"author":[{"embeddable":true,"href":"https:\/\/iudesp.es\/va\/wp-json\/wp\/v2\/users\/7"}],"replies":[{"embeddable":true,"href":"https:\/\/iudesp.es\/va\/wp-json\/wp\/v2\/comments?post=821"}],"version-history":[{"count":0,"href":"https:\/\/iudesp.es\/va\/wp-json\/wp\/v2\/posts\/821\/revisions"}],"wp:attachment":[{"href":"https:\/\/iudesp.es\/va\/wp-json\/wp\/v2\/media?parent=821"}],"wp:term":[{"taxonomy":"category","embeddable":true,"href":"https:\/\/iudesp.es\/va\/wp-json\/wp\/v2\/categories?post=821"},{"taxonomy":"post_tag","embeddable":true,"href":"https:\/\/iudesp.es\/va\/wp-json\/wp\/v2\/tags?post=821"}],"curies":[{"name":"wp","href":"https:\/\/api.w.org\/{rel}","templated":true}]}}