{"id":716,"date":"2024-05-14T13:52:37","date_gmt":"2024-05-14T11:52:37","guid":{"rendered":"https:\/\/iudesp.es\/va\/taula-redona-15-abril-1-pdf-2\/"},"modified":"2024-05-14T13:52:37","modified_gmt":"2024-05-14T11:52:37","slug":"taula-redona-15-abril-1-pdf-2","status":"publish","type":"post","link":"https:\/\/iudesp.es\/va\/taula-redona-15-abril-1-pdf-2\/","title":{"rendered":"Taula redona. &#8220;Palestina. Causas de la violencia y obst\u00e1culos para al paz&#8221;"},"content":{"rendered":"<div>\n<p>La introducci\u00f3 i presentaci\u00f3 de la taula ser\u00e0 a c\u00e0rrec de Clemente Penalva Verd\u00fa, Investigador del IUDESP.\u00a0<\/p>\n<p>Data: 15 d&#8217;abril de 2024\u00a0 a les 17 hores<\/p>\n<p>Lloc: Auditori Aulari II de la Universitat d&#8217;Alacant.<\/p>\n<p>Oberta al p\u00fablic en general fins a completar l&#8217;aforament.<\/p>\n<p>\u00a0<\/p>\n<p>\u00a0<\/p>\n<\/div>\n<p><a href=\"https:\/\/web.ua.es\/va\/iudesp\/activitats\/jornades-i-esdeveniments\/2024\/taula-redona-15-abril-1.pdf\">\u2192<\/a><\/p>\n","protected":false},"excerpt":{"rendered":"<p>La introducci\u00f3 i presentaci\u00f3 de la taula ser\u00e0 a c\u00e0rrec de Clemente Penalva Verd\u00fa, Investigador del IUDESP.\u00a0 Data: 15 d&#8217;abril de 2024\u00a0 a les 17 hores Lloc: Auditori Aulari II de la Universitat d&#8217;Alacant. Oberta al p\u00fablic en general fins a completar l&#8217;aforament. \u00a0 \u00a0 \u2192<\/p>\n","protected":false},"author":7,"featured_media":0,"comment_status":"closed","ping_status":"closed","sticky":false,"template":"","format":"standard","meta":{"footnotes":""},"categories":[9],"tags":[],"class_list":["post-716","post","type-post","status-publish","format-standard","hentry","category-noticias"],"_links":{"self":[{"href":"https:\/\/iudesp.es\/va\/wp-json\/wp\/v2\/posts\/716","targetHints":{"allow":["GET"]}}],"collection":[{"href":"https:\/\/iudesp.es\/va\/wp-json\/wp\/v2\/posts"}],"about":[{"href":"https:\/\/iudesp.es\/va\/wp-json\/wp\/v2\/types\/post"}],"author":[{"embeddable":true,"href":"https:\/\/iudesp.es\/va\/wp-json\/wp\/v2\/users\/7"}],"replies":[{"embeddable":true,"href":"https:\/\/iudesp.es\/va\/wp-json\/wp\/v2\/comments?post=716"}],"version-history":[{"count":0,"href":"https:\/\/iudesp.es\/va\/wp-json\/wp\/v2\/posts\/716\/revisions"}],"wp:attachment":[{"href":"https:\/\/iudesp.es\/va\/wp-json\/wp\/v2\/media?parent=716"}],"wp:term":[{"taxonomy":"category","embeddable":true,"href":"https:\/\/iudesp.es\/va\/wp-json\/wp\/v2\/categories?post=716"},{"taxonomy":"post_tag","embeddable":true,"href":"https:\/\/iudesp.es\/va\/wp-json\/wp\/v2\/tags?post=716"}],"curies":[{"name":"wp","href":"https:\/\/api.w.org\/{rel}","templated":true}]}}