{"id":699,"date":"2024-03-20T08:02:27","date_gmt":"2024-03-20T07:02:27","guid":{"rendered":"https:\/\/iudesp.es\/va\/cartell-taller-sensibilitzacio-i-form-trafic-de-dones-i-xiquetes-pdf\/"},"modified":"2024-03-20T08:02:27","modified_gmt":"2024-03-20T07:02:27","slug":"cartell-taller-sensibilitzacio-i-form-trafic-de-dones-i-xiquetes-pdf","status":"publish","type":"post","link":"https:\/\/iudesp.es\/va\/cartell-taller-sensibilitzacio-i-form-trafic-de-dones-i-xiquetes-pdf\/","title":{"rendered":"Taller de Sensibilitzaci\u00f3 i formaci\u00f3 en mat\u00e8ria de tr\u00e0fic de dones i xiquetes amb finalitats d&#8217;explotaci\u00f3 sexual."},"content":{"rendered":"<div>\n<p>Divendres que ve <strong>22 de mar\u00e7<\/strong> tindr\u00e0 lloc el <strong><em>Taller de FORMACI\u00d3 I SENSIBILITZACI\u00d3 SOBRE EL TR\u00c0FIC DE DONES I XIQUETES PER A FINALITATS D&#8217;EXPLOTACI\u00d3 SEXUAL<\/em><\/strong>, aquesta activitat est\u00e0 especialment dirigida als estudiants de l&#8217;assignatura Estudis de G\u00e8nere i est\u00e0 oberta a qui vulga participar, fins a completar l&#8217;aforament de l&#8217;aula.<\/p>\n<p>Es realitzar\u00e0 a l&#8217;Aula <strong>B02<\/strong> de l&#8217;Aulari II, d&#8217;11 a 13h.<\/p>\n<p>Assistir\u00e0 <strong>Eva Espinar Ru\u00edz<\/strong>, Vicerectora d&#8217;Igualtat, Inclusi\u00f3 i Responsabilitat Social.<\/p>\n<p>\u00a0<\/p>\n<\/div>\n<p><a href=\"https:\/\/web.ua.es\/va\/iudesp\/activitats\/jornades-i-esdeveniments\/2024\/cartell-taller-sensibilitzacio-i-form-trafic-de-dones-i-xiquetes.pdf\">\u2192<\/a><\/p>\n","protected":false},"excerpt":{"rendered":"<p>Divendres que ve 22 de mar\u00e7 tindr\u00e0 lloc el Taller de FORMACI\u00d3 I SENSIBILITZACI\u00d3 SOBRE EL TR\u00c0FIC DE DONES I XIQUETES PER A FINALITATS D&#8217;EXPLOTACI\u00d3 SEXUAL, aquesta activitat est\u00e0 especialment dirigida als estudiants de l&#8217;assignatura Estudis de G\u00e8nere i est\u00e0 oberta a qui vulga participar, fins a completar l&#8217;aforament de l&#8217;aula. Es realitzar\u00e0 a l&#8217;Aula [&hellip;]<\/p>\n","protected":false},"author":7,"featured_media":0,"comment_status":"closed","ping_status":"closed","sticky":false,"template":"","format":"standard","meta":{"footnotes":""},"categories":[9],"tags":[],"class_list":["post-699","post","type-post","status-publish","format-standard","hentry","category-noticias"],"_links":{"self":[{"href":"https:\/\/iudesp.es\/va\/wp-json\/wp\/v2\/posts\/699","targetHints":{"allow":["GET"]}}],"collection":[{"href":"https:\/\/iudesp.es\/va\/wp-json\/wp\/v2\/posts"}],"about":[{"href":"https:\/\/iudesp.es\/va\/wp-json\/wp\/v2\/types\/post"}],"author":[{"embeddable":true,"href":"https:\/\/iudesp.es\/va\/wp-json\/wp\/v2\/users\/7"}],"replies":[{"embeddable":true,"href":"https:\/\/iudesp.es\/va\/wp-json\/wp\/v2\/comments?post=699"}],"version-history":[{"count":0,"href":"https:\/\/iudesp.es\/va\/wp-json\/wp\/v2\/posts\/699\/revisions"}],"wp:attachment":[{"href":"https:\/\/iudesp.es\/va\/wp-json\/wp\/v2\/media?parent=699"}],"wp:term":[{"taxonomy":"category","embeddable":true,"href":"https:\/\/iudesp.es\/va\/wp-json\/wp\/v2\/categories?post=699"},{"taxonomy":"post_tag","embeddable":true,"href":"https:\/\/iudesp.es\/va\/wp-json\/wp\/v2\/tags?post=699"}],"curies":[{"name":"wp","href":"https:\/\/api.w.org\/{rel}","templated":true}]}}