{"id":689,"date":"2024-03-04T15:42:27","date_gmt":"2024-03-04T14:42:27","guid":{"rendered":"https:\/\/iudesp.es\/va\/presentacio-del-llibre-calla-y-olvida-andrea-garcia-html\/"},"modified":"2024-03-13T13:49:47","modified_gmt":"2024-03-13T12:49:47","slug":"presentacio-del-llibre-calla-y-olvida-andrea-garcia-html","status":"publish","type":"post","link":"https:\/\/iudesp.es\/va\/presentacio-del-llibre-calla-y-olvida-andrea-garcia-html\/","title":{"rendered":"Taula redona. Presentaci\u00f3 del llibre de Andrea Garc\u00eda &#8220;Calla y Olvida&#8221;."},"content":{"rendered":"<div>\n<p>L&#8217;Institut Interuniversitari de Desenvolupament Social i Pau, conjuntament amb el Vicerectorat d&#8217;Igualtat, Inclusi\u00f3 i Responsabilitat Social i el Departament de Sociologia II us conviden a la presentaci\u00f3 del llibre d&#8217;Andrea Garc\u00eda Gonz\u00e1lez, &#8220;Calla y olvida&#8221;.<\/p>\n<p class=\"\">Entrada lliure fins a completar aforament.<\/p>\n<p>Data: 20 de mar\u00e7 del 2024, a les 12.00<\/p>\n<p>Lloc:\u00a0<a href=\"https:\/\/www.sigua.ua.es\/index.html?id=0031P1059\">sala Ernest Luch<\/a>, primera planta Facultat de Ci\u00e8ncies Econ\u00f2miques i Empresarials.<\/p>\n<\/div>\n<p><a href=\"https:\/\/web.ua.es\/va\/iudesp\/activitats\/jornades-i-esdeveniments\/2024\/taula-redona.-presentacio-del-llibre-de-andrea-garcia-calla-y-olvida.html\">\u2192<\/a><\/p>\n","protected":false},"excerpt":{"rendered":"<p>L&#8217;Institut Interuniversitari de Desenvolupament Social i Pau, conjuntament amb el Vicerectorat d&#8217;Igualtat, Inclusi\u00f3 i Responsabilitat Social i el Departament de Sociologia II us conviden a la presentaci\u00f3 del llibre d&#8217;Andrea Garc\u00eda Gonz\u00e1lez, &#8220;Calla y olvida&#8221;. Entrada lliure fins a completar aforament. Data: 20 de mar\u00e7 del 2024, a les 12.00 Lloc:\u00a0sala Ernest Luch, primera planta [&hellip;]<\/p>\n","protected":false},"author":7,"featured_media":0,"comment_status":"closed","ping_status":"closed","sticky":false,"template":"","format":"standard","meta":{"footnotes":""},"categories":[9],"tags":[],"class_list":["post-689","post","type-post","status-publish","format-standard","hentry","category-noticias"],"_links":{"self":[{"href":"https:\/\/iudesp.es\/va\/wp-json\/wp\/v2\/posts\/689","targetHints":{"allow":["GET"]}}],"collection":[{"href":"https:\/\/iudesp.es\/va\/wp-json\/wp\/v2\/posts"}],"about":[{"href":"https:\/\/iudesp.es\/va\/wp-json\/wp\/v2\/types\/post"}],"author":[{"embeddable":true,"href":"https:\/\/iudesp.es\/va\/wp-json\/wp\/v2\/users\/7"}],"replies":[{"embeddable":true,"href":"https:\/\/iudesp.es\/va\/wp-json\/wp\/v2\/comments?post=689"}],"version-history":[{"count":2,"href":"https:\/\/iudesp.es\/va\/wp-json\/wp\/v2\/posts\/689\/revisions"}],"predecessor-version":[{"id":696,"href":"https:\/\/iudesp.es\/va\/wp-json\/wp\/v2\/posts\/689\/revisions\/696"}],"wp:attachment":[{"href":"https:\/\/iudesp.es\/va\/wp-json\/wp\/v2\/media?parent=689"}],"wp:term":[{"taxonomy":"category","embeddable":true,"href":"https:\/\/iudesp.es\/va\/wp-json\/wp\/v2\/categories?post=689"},{"taxonomy":"post_tag","embeddable":true,"href":"https:\/\/iudesp.es\/va\/wp-json\/wp\/v2\/tags?post=689"}],"curies":[{"name":"wp","href":"https:\/\/api.w.org\/{rel}","templated":true}]}}