{"id":688,"date":"2024-03-04T13:39:24","date_gmt":"2024-03-04T12:39:24","guid":{"rendered":"https:\/\/iudesp.es\/va\/posicionament-la-discriminacio-racial-en-el-sistema-nacional-de-salut-html\/"},"modified":"2024-03-04T13:39:24","modified_gmt":"2024-03-04T12:39:24","slug":"posicionament-la-discriminacio-racial-en-el-sistema-nacional-de-salut-html","status":"publish","type":"post","link":"https:\/\/iudesp.es\/va\/posicionament-la-discriminacio-racial-en-el-sistema-nacional-de-salut-html\/","title":{"rendered":"Posicionament: La Discriminaci\u00f3 Racial en el Sistema Nacional de Salut"},"content":{"rendered":"<div>\n<p>Daniel La Parra, investigador de l&#8217;IUDESP participa en el posicionament de la Sociedad Espa\u00f1ola de Epidemiolog\u00eda sobre la discriminaci\u00f3 racial en el Sistema Nacional de Salut.\u00a0<\/p>\n<p>Pots accedir a la informaci\u00f3 del document en el seg\u00fcent <a href=\"https:\/\/seepidemiologia.es\/posicionamiento-la-discriminacion-racial-en-el-sistema-nacional-de-salud\/\">enlla\u00e7\u00a0<\/a><\/p>\n<\/div>\n<p><a href=\"https:\/\/web.ua.es\/va\/invisibleintersections\/transformar\/posicionament-la-discriminacio-racial-en-el-sistema-nacional-de-salut.html\">\u2192<\/a><\/p>\n","protected":false},"excerpt":{"rendered":"<p>Daniel La Parra, investigador de l&#8217;IUDESP participa en el posicionament de la Sociedad Espa\u00f1ola de Epidemiolog\u00eda sobre la discriminaci\u00f3 racial en el Sistema Nacional de Salut.\u00a0 Pots accedir a la informaci\u00f3 del document en el seg\u00fcent enlla\u00e7\u00a0 \u2192<\/p>\n","protected":false},"author":7,"featured_media":0,"comment_status":"closed","ping_status":"closed","sticky":false,"template":"","format":"standard","meta":{"footnotes":""},"categories":[9],"tags":[],"class_list":["post-688","post","type-post","status-publish","format-standard","hentry","category-noticias"],"_links":{"self":[{"href":"https:\/\/iudesp.es\/va\/wp-json\/wp\/v2\/posts\/688","targetHints":{"allow":["GET"]}}],"collection":[{"href":"https:\/\/iudesp.es\/va\/wp-json\/wp\/v2\/posts"}],"about":[{"href":"https:\/\/iudesp.es\/va\/wp-json\/wp\/v2\/types\/post"}],"author":[{"embeddable":true,"href":"https:\/\/iudesp.es\/va\/wp-json\/wp\/v2\/users\/7"}],"replies":[{"embeddable":true,"href":"https:\/\/iudesp.es\/va\/wp-json\/wp\/v2\/comments?post=688"}],"version-history":[{"count":0,"href":"https:\/\/iudesp.es\/va\/wp-json\/wp\/v2\/posts\/688\/revisions"}],"wp:attachment":[{"href":"https:\/\/iudesp.es\/va\/wp-json\/wp\/v2\/media?parent=688"}],"wp:term":[{"taxonomy":"category","embeddable":true,"href":"https:\/\/iudesp.es\/va\/wp-json\/wp\/v2\/categories?post=688"},{"taxonomy":"post_tag","embeddable":true,"href":"https:\/\/iudesp.es\/va\/wp-json\/wp\/v2\/tags?post=688"}],"curies":[{"name":"wp","href":"https:\/\/api.w.org\/{rel}","templated":true}]}}