{"id":653,"date":"2024-02-13T15:23:42","date_gmt":"2024-02-13T14:23:42","guid":{"rendered":"https:\/\/iudesp.es\/va\/cartell-l-adn-de-la-memoria-alacant-campus-a3-ndp-jpg\/"},"modified":"2024-02-14T14:56:07","modified_gmt":"2024-02-14T13:56:07","slug":"cartell-l-adn-de-la-memoria-alacant-campus-a3-ndp-jpg","status":"publish","type":"post","link":"https:\/\/iudesp.es\/va\/cartell-l-adn-de-la-memoria-alacant-campus-a3-ndp-jpg\/","title":{"rendered":"L&#8217;ADN de la Mem\u00f2ria"},"content":{"rendered":"<p>El IUDESP col\u00b7labora, junt amb el Vicerectorat d&#8217;Igualtat, Inclusi\u00f3 i Responsabilitat Social i el Departament de Sociologia II, en l&#8217;organitzaci\u00f3 de la projecci\u00f3 i posterior col\u00b7loqui del Documental\u00a0 de l&#8217;Associaci\u00f3 Record i Dignitat: l&#8217;ADN de la Mem\u00f2ria<\/p>\n<p>Entrada lliure<\/p>\n<p>Lloc: Sala d&#8217;actes Edifici Germ\u00e0 Bern\u00e0cer.<\/p>\n<p>Data: dijous, 22 de febrer a les 11.30 hores.<\/p>\n<p><a title=\"cartel El ADN de la Memoria Alicante campus \" href=\"https:\/\/web.ua.es\/va\/iudesp\/activitats\/jornades-i-esdeveniments\/cartell-l-adn-de-la-memoria-alacant-campus.pdf\">Enlla\u00e7 al Cartell<\/a><\/p>\n<p>Si algun interessat no pot acudir poden asisitir a la\u00a0<a title=\"Cartel ADN sede de Alicante\" href=\"https:\/\/web.ua.es\/va\/iudesp\/activitats\/jornades-i-esdeveniments\/cartell-adn-seu-d-alacant.jpg\">sessi\u00f3 de vesprada<\/a>\u00a0en la Seu de la UA.<\/p>\n<p><a href=\"https:\/\/web.ua.es\/va\/iudesp\/activitats\/jornades-i-esdeveniments\/l-adn-de-la-memoria.html\">\u2192<\/a><\/p>\n","protected":false},"excerpt":{"rendered":"<p>El IUDESP col\u00b7labora, junt amb el Vicerectorat d&#8217;Igualtat, Inclusi\u00f3 i Responsabilitat Social i el Departament de Sociologia II, en l&#8217;organitzaci\u00f3 de la projecci\u00f3 i posterior col\u00b7loqui del Documental\u00a0 de l&#8217;Associaci\u00f3 Record i Dignitat: l&#8217;ADN de la Mem\u00f2ria Entrada lliure Lloc: Sala d&#8217;actes Edifici Germ\u00e0 Bern\u00e0cer. Data: dijous, 22 de febrer a les 11.30 hores. Enlla\u00e7 [&hellip;]<\/p>\n","protected":false},"author":7,"featured_media":0,"comment_status":"closed","ping_status":"closed","sticky":false,"template":"","format":"standard","meta":{"footnotes":""},"categories":[9],"tags":[],"class_list":["post-653","post","type-post","status-publish","format-standard","hentry","category-noticias"],"_links":{"self":[{"href":"https:\/\/iudesp.es\/va\/wp-json\/wp\/v2\/posts\/653","targetHints":{"allow":["GET"]}}],"collection":[{"href":"https:\/\/iudesp.es\/va\/wp-json\/wp\/v2\/posts"}],"about":[{"href":"https:\/\/iudesp.es\/va\/wp-json\/wp\/v2\/types\/post"}],"author":[{"embeddable":true,"href":"https:\/\/iudesp.es\/va\/wp-json\/wp\/v2\/users\/7"}],"replies":[{"embeddable":true,"href":"https:\/\/iudesp.es\/va\/wp-json\/wp\/v2\/comments?post=653"}],"version-history":[{"count":2,"href":"https:\/\/iudesp.es\/va\/wp-json\/wp\/v2\/posts\/653\/revisions"}],"predecessor-version":[{"id":667,"href":"https:\/\/iudesp.es\/va\/wp-json\/wp\/v2\/posts\/653\/revisions\/667"}],"wp:attachment":[{"href":"https:\/\/iudesp.es\/va\/wp-json\/wp\/v2\/media?parent=653"}],"wp:term":[{"taxonomy":"category","embeddable":true,"href":"https:\/\/iudesp.es\/va\/wp-json\/wp\/v2\/categories?post=653"},{"taxonomy":"post_tag","embeddable":true,"href":"https:\/\/iudesp.es\/va\/wp-json\/wp\/v2\/tags?post=653"}],"curies":[{"name":"wp","href":"https:\/\/api.w.org\/{rel}","templated":true}]}}