{"id":647,"date":"2024-01-12T13:40:03","date_gmt":"2024-01-12T12:40:03","guid":{"rendered":"https:\/\/iudesp.es\/va\/6051-2\/"},"modified":"2024-01-12T13:49:02","modified_gmt":"2024-01-12T12:49:02","slug":"6051-2","status":"publish","type":"post","link":"https:\/\/iudesp.es\/va\/6051-2\/","title":{"rendered":"Convocat\u00f2ria beques Fundaci\u00f3n Carolina 2024-202"},"content":{"rendered":"<div>\n<p>La Fundaci\u00f3n Carolina ha obert la seua convocat\u00f2ria de beques per al curs 2024-2025, \u00a0per a estudiants d&#8217;Am\u00e8rica Llatina, \u00a0on pots trobar la teua <strong>beca per a cursar el M\u00e0ster Universtario en Estudis Internacionals de Paz, Conflictes i Desenvolupament.<\/strong><\/p>\n<p>Termini de presentaci\u00f3 obert <strong>fins al 14 de mar\u00e7 de 2024.<\/strong><\/p>\n<p><strong>Informaci\u00f3 i sol\u00b7licitud<\/strong> en el seg\u00fcent <a href=\"https:\/\/gestion.fundacioncarolina.es\/programas\/6051\">enlla\u00e7.<\/a><\/p>\n<p>M\u00e9s informaci\u00f3 sobre les beques de la Fundaci\u00f3n Carolina en la p\u00e0gina<strong> web:<\/strong>\u00a0<a title=\"P\u00e1gina de presentaci\u00f3n becas Fundaci\u00f3n Carolina\" href=\"https:\/\/www.fundacioncarolina.es\/abierta-la-convocatoria-de-becas-de-fundacion-carolina-2024-2025\/\">www.fundaci\u00f3ncarolina.es<\/a><\/p>\n<\/div>\n<p><a href=\"https:\/\/gestion.fundacioncarolina.es\/programas\/6051\">\u2192<\/a><\/p>\n","protected":false},"excerpt":{"rendered":"<p>La Fundaci\u00f3n Carolina ha obert la seua convocat\u00f2ria de beques per al curs 2024-2025, \u00a0per a estudiants d&#8217;Am\u00e8rica Llatina, \u00a0on pots trobar la teua beca per a cursar el M\u00e0ster Universtario en Estudis Internacionals de Paz, Conflictes i Desenvolupament. Termini de presentaci\u00f3 obert fins al 14 de mar\u00e7 de 2024. Informaci\u00f3 i sol\u00b7licitud en el [&hellip;]<\/p>\n","protected":false},"author":7,"featured_media":0,"comment_status":"closed","ping_status":"closed","sticky":false,"template":"","format":"standard","meta":{"footnotes":""},"categories":[9],"tags":[],"class_list":["post-647","post","type-post","status-publish","format-standard","hentry","category-noticias"],"_links":{"self":[{"href":"https:\/\/iudesp.es\/va\/wp-json\/wp\/v2\/posts\/647","targetHints":{"allow":["GET"]}}],"collection":[{"href":"https:\/\/iudesp.es\/va\/wp-json\/wp\/v2\/posts"}],"about":[{"href":"https:\/\/iudesp.es\/va\/wp-json\/wp\/v2\/types\/post"}],"author":[{"embeddable":true,"href":"https:\/\/iudesp.es\/va\/wp-json\/wp\/v2\/users\/7"}],"replies":[{"embeddable":true,"href":"https:\/\/iudesp.es\/va\/wp-json\/wp\/v2\/comments?post=647"}],"version-history":[{"count":4,"href":"https:\/\/iudesp.es\/va\/wp-json\/wp\/v2\/posts\/647\/revisions"}],"predecessor-version":[{"id":651,"href":"https:\/\/iudesp.es\/va\/wp-json\/wp\/v2\/posts\/647\/revisions\/651"}],"wp:attachment":[{"href":"https:\/\/iudesp.es\/va\/wp-json\/wp\/v2\/media?parent=647"}],"wp:term":[{"taxonomy":"category","embeddable":true,"href":"https:\/\/iudesp.es\/va\/wp-json\/wp\/v2\/categories?post=647"},{"taxonomy":"post_tag","embeddable":true,"href":"https:\/\/iudesp.es\/va\/wp-json\/wp\/v2\/tags?post=647"}],"curies":[{"name":"wp","href":"https:\/\/api.w.org\/{rel}","templated":true}]}}