{"id":645,"date":"2024-01-12T13:40:00","date_gmt":"2024-01-12T12:40:00","guid":{"rendered":"https:\/\/iudesp.es\/va\/eleccions-a-la-direccio-del-iudesp-html-2\/"},"modified":"2024-01-12T13:40:00","modified_gmt":"2024-01-12T12:40:00","slug":"eleccions-a-la-direccio-del-iudesp-html-2","status":"publish","type":"post","link":"https:\/\/iudesp.es\/va\/eleccions-a-la-direccio-del-iudesp-html-2\/","title":{"rendered":"Eleccions a la Direcci\u00f3 del IUDESP"},"content":{"rendered":"<div>\n<p>En Consell Extraordinari del IUDESP celebrat el 4\/12\/2023 ha sigut aprovada la convocat\u00f2ria a eleccions a la direcci\u00f3 de la seu UA de l&#8217;Institut Interuniversitari de Desenvolupament Social i Pau.<\/p>\n<p>La publicacions del proc\u00e9s electoral es poden consultar en el tauler d&#8217;anuncis situat al costat de la Secretaria Administrativa del IUDESP i en el enlla\u00e7: <a href=\"https:\/\/web.ua.es\/va\/iudesp\/eleccions\/eleccions-a-la-direccio-del-iudesp.html\">https:\/\/web.ua.es\/va\/iudesp\/eleccions\/eleccions-a-la-direccio-del-iudesp.html<\/a><\/p>\n<\/div>\n<p><a href=\"https:\/\/web.ua.es\/va\/iudesp\/eleccions\/eleccions-a-la-direccio-del-iudesp.html\">\u2192<\/a><\/p>\n","protected":false},"excerpt":{"rendered":"<p>En Consell Extraordinari del IUDESP celebrat el 4\/12\/2023 ha sigut aprovada la convocat\u00f2ria a eleccions a la direcci\u00f3 de la seu UA de l&#8217;Institut Interuniversitari de Desenvolupament Social i Pau. La publicacions del proc\u00e9s electoral es poden consultar en el tauler d&#8217;anuncis situat al costat de la Secretaria Administrativa del IUDESP i en el enlla\u00e7: [&hellip;]<\/p>\n","protected":false},"author":7,"featured_media":0,"comment_status":"closed","ping_status":"closed","sticky":false,"template":"","format":"standard","meta":{"footnotes":""},"categories":[9],"tags":[],"class_list":["post-645","post","type-post","status-publish","format-standard","hentry","category-noticias"],"_links":{"self":[{"href":"https:\/\/iudesp.es\/va\/wp-json\/wp\/v2\/posts\/645","targetHints":{"allow":["GET"]}}],"collection":[{"href":"https:\/\/iudesp.es\/va\/wp-json\/wp\/v2\/posts"}],"about":[{"href":"https:\/\/iudesp.es\/va\/wp-json\/wp\/v2\/types\/post"}],"author":[{"embeddable":true,"href":"https:\/\/iudesp.es\/va\/wp-json\/wp\/v2\/users\/7"}],"replies":[{"embeddable":true,"href":"https:\/\/iudesp.es\/va\/wp-json\/wp\/v2\/comments?post=645"}],"version-history":[{"count":0,"href":"https:\/\/iudesp.es\/va\/wp-json\/wp\/v2\/posts\/645\/revisions"}],"wp:attachment":[{"href":"https:\/\/iudesp.es\/va\/wp-json\/wp\/v2\/media?parent=645"}],"wp:term":[{"taxonomy":"category","embeddable":true,"href":"https:\/\/iudesp.es\/va\/wp-json\/wp\/v2\/categories?post=645"},{"taxonomy":"post_tag","embeddable":true,"href":"https:\/\/iudesp.es\/va\/wp-json\/wp\/v2\/tags?post=645"}],"curies":[{"name":"wp","href":"https:\/\/api.w.org\/{rel}","templated":true}]}}