{"id":638,"date":"2023-12-04T15:07:26","date_gmt":"2023-12-04T14:07:26","guid":{"rendered":"https:\/\/iudesp.es\/va\/eleccions-a-la-direccio-del-iudesp-html\/"},"modified":"2023-12-04T15:07:26","modified_gmt":"2023-12-04T14:07:26","slug":"eleccions-a-la-direccio-del-iudesp-html","status":"publish","type":"post","link":"https:\/\/iudesp.es\/va\/eleccions-a-la-direccio-del-iudesp-html\/","title":{"rendered":"Eleccions a la Direcci\u00f3 del IUDESP"},"content":{"rendered":"<div>\n<p>En Consell Extraordinari del IUDESP celebrat el 4\/12\/2023 ha sigut aprovada la convocat\u00f2ria a eleccions a la direcci\u00f3 de la seu UA de l&#8217;Institut Interuniversitari de Desenvolupament Social i Pau.<\/p>\n<p>La publicacions del proc\u00e9s electoral es poden consultar en el tauler d&#8217;anuncis situat al costat de la Secretaria Administrativa del IUDESP i en el seg\u00fcent <a title=\"Eleccions a la Direcci\u00f3 del IUDESP\" href=\"https:\/\/web.ua.es\/va\/iudesp\/eleccions\/eleccions-a-la-direccio-del-iudesp.html\">enlla\u00e7<\/a>.<\/p>\n<\/div>\n<p><a href=\"https:\/\/web.ua.es\/va\/iudesp\/eleccions\/eleccions-a-la-direccio-del-iudesp.html\">\u2192<\/a><\/p>\n","protected":false},"excerpt":{"rendered":"<p>En Consell Extraordinari del IUDESP celebrat el 4\/12\/2023 ha sigut aprovada la convocat\u00f2ria a eleccions a la direcci\u00f3 de la seu UA de l&#8217;Institut Interuniversitari de Desenvolupament Social i Pau. La publicacions del proc\u00e9s electoral es poden consultar en el tauler d&#8217;anuncis situat al costat de la Secretaria Administrativa del IUDESP i en el seg\u00fcent [&hellip;]<\/p>\n","protected":false},"author":7,"featured_media":0,"comment_status":"closed","ping_status":"closed","sticky":false,"template":"","format":"standard","meta":{"footnotes":""},"categories":[9],"tags":[],"class_list":["post-638","post","type-post","status-publish","format-standard","hentry","category-noticias"],"_links":{"self":[{"href":"https:\/\/iudesp.es\/va\/wp-json\/wp\/v2\/posts\/638","targetHints":{"allow":["GET"]}}],"collection":[{"href":"https:\/\/iudesp.es\/va\/wp-json\/wp\/v2\/posts"}],"about":[{"href":"https:\/\/iudesp.es\/va\/wp-json\/wp\/v2\/types\/post"}],"author":[{"embeddable":true,"href":"https:\/\/iudesp.es\/va\/wp-json\/wp\/v2\/users\/7"}],"replies":[{"embeddable":true,"href":"https:\/\/iudesp.es\/va\/wp-json\/wp\/v2\/comments?post=638"}],"version-history":[{"count":0,"href":"https:\/\/iudesp.es\/va\/wp-json\/wp\/v2\/posts\/638\/revisions"}],"wp:attachment":[{"href":"https:\/\/iudesp.es\/va\/wp-json\/wp\/v2\/media?parent=638"}],"wp:term":[{"taxonomy":"category","embeddable":true,"href":"https:\/\/iudesp.es\/va\/wp-json\/wp\/v2\/categories?post=638"},{"taxonomy":"post_tag","embeddable":true,"href":"https:\/\/iudesp.es\/va\/wp-json\/wp\/v2\/tags?post=638"}],"curies":[{"name":"wp","href":"https:\/\/api.w.org\/{rel}","templated":true}]}}