{"id":634,"date":"2023-11-27T13:05:26","date_gmt":"2023-11-27T12:05:26","guid":{"rendered":"https:\/\/iudesp.es\/va\/ultima-hora_noticias-html-5\/"},"modified":"2023-11-27T13:05:26","modified_gmt":"2023-11-27T12:05:26","slug":"ultima-hora_noticias-html-5","status":"publish","type":"post","link":"https:\/\/iudesp.es\/va\/ultima-hora_noticias-html-5\/","title":{"rendered":"Nou projecte de l&#8217;invesigador del IUDESP, Daniel La Parra Casado"},"content":{"rendered":"<div>\n<div>El Swedish Research Council (<a href=\"https:\/\/www.vr.se\/english\/applying-for-funding\/decisions\/2023-06-22-project-grant-for-research-into-racism-and-discrimination-2023.html\" target=\"_blank\" rel=\"noopener\">Vetenskapsr\u00e5det<\/a>) ha concedit el projecte &#8220;Disentangling discrimination in Europe: Patterns, processes, and consequences of discrimination experiences among multiple targeted groups in a comparative perspective&#8221; a Jeffrey Mitchell (Universidad de Ume\u00e5) y Daniel La Parra Casado (Universitat d&#8217;Alacant), dins de la seua convocat\u00f2ria de projectes d&#8217;investigaci\u00f3 sobre racisme i discriminaci\u00f3 de 2023. El projecte estar\u00e0 vigent tres anys (2024 a 2026) i compta amb un finan\u00e7ament de 3.131.000 corones sueques.<\/div>\n<\/div>\n<p><a href=\"https:\/\/web.ua.es\/iudesp\/ultima-hora_noticias.html\">\u2192<\/a><\/p>\n","protected":false},"excerpt":{"rendered":"<p>El Swedish Research Council (Vetenskapsr\u00e5det) ha concedit el projecte &#8220;Disentangling discrimination in Europe: Patterns, processes, and consequences of discrimination experiences among multiple targeted groups in a comparative perspective&#8221; a Jeffrey Mitchell (Universidad de Ume\u00e5) y Daniel La Parra Casado (Universitat d&#8217;Alacant), dins de la seua convocat\u00f2ria de projectes d&#8217;investigaci\u00f3 sobre racisme i discriminaci\u00f3 de 2023. [&hellip;]<\/p>\n","protected":false},"author":7,"featured_media":0,"comment_status":"closed","ping_status":"closed","sticky":false,"template":"","format":"standard","meta":{"footnotes":""},"categories":[9],"tags":[],"class_list":["post-634","post","type-post","status-publish","format-standard","hentry","category-noticias"],"_links":{"self":[{"href":"https:\/\/iudesp.es\/va\/wp-json\/wp\/v2\/posts\/634","targetHints":{"allow":["GET"]}}],"collection":[{"href":"https:\/\/iudesp.es\/va\/wp-json\/wp\/v2\/posts"}],"about":[{"href":"https:\/\/iudesp.es\/va\/wp-json\/wp\/v2\/types\/post"}],"author":[{"embeddable":true,"href":"https:\/\/iudesp.es\/va\/wp-json\/wp\/v2\/users\/7"}],"replies":[{"embeddable":true,"href":"https:\/\/iudesp.es\/va\/wp-json\/wp\/v2\/comments?post=634"}],"version-history":[{"count":0,"href":"https:\/\/iudesp.es\/va\/wp-json\/wp\/v2\/posts\/634\/revisions"}],"wp:attachment":[{"href":"https:\/\/iudesp.es\/va\/wp-json\/wp\/v2\/media?parent=634"}],"wp:term":[{"taxonomy":"category","embeddable":true,"href":"https:\/\/iudesp.es\/va\/wp-json\/wp\/v2\/categories?post=634"},{"taxonomy":"post_tag","embeddable":true,"href":"https:\/\/iudesp.es\/va\/wp-json\/wp\/v2\/tags?post=634"}],"curies":[{"name":"wp","href":"https:\/\/api.w.org\/{rel}","templated":true}]}}