{"id":633,"date":"2023-11-27T11:32:35","date_gmt":"2023-11-27T10:32:35","guid":{"rendered":"https:\/\/iudesp.es\/va\/seminari-d-investigacio-sobre-alimentacio-etnicitat-i-migracio-aico-interseccionalitat-ciaico-2021-019-html\/"},"modified":"2023-11-27T11:32:35","modified_gmt":"2023-11-27T10:32:35","slug":"seminari-d-investigacio-sobre-alimentacio-etnicitat-i-migracio-aico-interseccionalitat-ciaico-2021-019-html","status":"publish","type":"post","link":"https:\/\/iudesp.es\/va\/seminari-d-investigacio-sobre-alimentacio-etnicitat-i-migracio-aico-interseccionalitat-ciaico-2021-019-html\/","title":{"rendered":"Seminari d&#8217;investigaci\u00f3 sobre alimentaci\u00f3, etnicitat i migraci\u00f3 &#8211; AICO Interseccionalitat (CIAICO-2021-019)"},"content":{"rendered":"<div>\n<p>El grup consolidat AICO Interseccionalitat (CIAICO\/2021\/019) organitza juntament amb els departaments de Sociologia II, d&#8217;Infermeria Comunit\u00e0ria Medicina Preventiva i Salut P\u00fablica i Hist\u00f2ria de la Ci\u00e8ncia i el Institut Interuniversitari de Desenvolupament Social i Pau un seminari d&#8217;investigaci\u00f3 sobre Alimentaci\u00f3, Etnicitat i Migraci\u00f3. Participaran en el mateix ponents amb \u00e0mplia experi\u00e8ncia en l&#8217;\u00e0mbit de la Sociologia i la Salut P\u00fablica.<\/p>\n<ul>\n<li>Lloc i data de l&#8217;activitat: Sala Espai, primera planta. Edifici de ci\u00e8ncies socials. Sociologia II. #UA. Dimarts, 5 de desembre de 2023, d&#8217;11.00 a 13:00h.<\/li>\n<li>Podeu seguir el seminari online <a href=\"https:\/\/meet.google.com\/yqg-cbsi-kct\" target=\"_blank\" rel=\"noopener\">ac\u00ed<\/a>.<\/li>\n<li>Puedeu accedir al carteli i al programa del seminari <a href=\"https:\/\/web.ua.es\/es\/invisibleintersections\/documentos\/seminario-de-investigacion-sobre-alimentacion-etnicidad-y-migracion-aico-interseccionalidad-ciaico-2021-019.pdf\">ac\u00ed<\/a><\/li>\n<li>M\u00e1s informaci\u00f3n: <a href=\"https:\/\/web.ua.es\/va\/invisibleintersections\/visibilizar\/seminari-d-investigacio-sobre-alimentacio-etnicitat-i-migracio-aico-interseccionalitat-ciaico-2021-019.html\">aqu\u00ed<\/a><\/li>\n<li>M\u00e9s informaci\u00f3 en el seg\u00fcent enlla\u00e7: https:\/\/web.ua.es\/es\/invisibleintersections\/visibilizar\/seminario-de-investigacion-sobre-alimentacion-etnicidad-y-migracion-aico-interseccionalidad-ciaico-2021-019.html<\/li>\n<\/ul>\n<p>Us esperem.<\/p>\n<\/div>\n<p><a href=\"https:\/\/web.ua.es\/va\/invisibleintersections\/visibilizar\/seminari-d-investigacio-sobre-alimentacio-etnicitat-i-migracio-aico-interseccionalitat-ciaico-2021-019.html\">\u2192<\/a><\/p>\n","protected":false},"excerpt":{"rendered":"<p>El grup consolidat AICO Interseccionalitat (CIAICO\/2021\/019) organitza juntament amb els departaments de Sociologia II, d&#8217;Infermeria Comunit\u00e0ria Medicina Preventiva i Salut P\u00fablica i Hist\u00f2ria de la Ci\u00e8ncia i el Institut Interuniversitari de Desenvolupament Social i Pau un seminari d&#8217;investigaci\u00f3 sobre Alimentaci\u00f3, Etnicitat i Migraci\u00f3. Participaran en el mateix ponents amb \u00e0mplia experi\u00e8ncia en l&#8217;\u00e0mbit de la [&hellip;]<\/p>\n","protected":false},"author":7,"featured_media":0,"comment_status":"closed","ping_status":"closed","sticky":false,"template":"","format":"standard","meta":{"footnotes":""},"categories":[9],"tags":[],"class_list":["post-633","post","type-post","status-publish","format-standard","hentry","category-noticias"],"_links":{"self":[{"href":"https:\/\/iudesp.es\/va\/wp-json\/wp\/v2\/posts\/633","targetHints":{"allow":["GET"]}}],"collection":[{"href":"https:\/\/iudesp.es\/va\/wp-json\/wp\/v2\/posts"}],"about":[{"href":"https:\/\/iudesp.es\/va\/wp-json\/wp\/v2\/types\/post"}],"author":[{"embeddable":true,"href":"https:\/\/iudesp.es\/va\/wp-json\/wp\/v2\/users\/7"}],"replies":[{"embeddable":true,"href":"https:\/\/iudesp.es\/va\/wp-json\/wp\/v2\/comments?post=633"}],"version-history":[{"count":0,"href":"https:\/\/iudesp.es\/va\/wp-json\/wp\/v2\/posts\/633\/revisions"}],"wp:attachment":[{"href":"https:\/\/iudesp.es\/va\/wp-json\/wp\/v2\/media?parent=633"}],"wp:term":[{"taxonomy":"category","embeddable":true,"href":"https:\/\/iudesp.es\/va\/wp-json\/wp\/v2\/categories?post=633"},{"taxonomy":"post_tag","embeddable":true,"href":"https:\/\/iudesp.es\/va\/wp-json\/wp\/v2\/tags?post=633"}],"curies":[{"name":"wp","href":"https:\/\/api.w.org\/{rel}","templated":true}]}}