{"id":632,"date":"2023-11-24T15:23:56","date_gmt":"2023-11-24T14:23:56","guid":{"rendered":"https:\/\/iudesp.es\/va\/violencies-patriarcals-a-bolivia-i-processos-de-resiliencia-individual-i-col-lectiva-html\/"},"modified":"2023-11-24T15:23:56","modified_gmt":"2023-11-24T14:23:56","slug":"violencies-patriarcals-a-bolivia-i-processos-de-resiliencia-individual-i-col-lectiva-html","status":"publish","type":"post","link":"https:\/\/iudesp.es\/va\/violencies-patriarcals-a-bolivia-i-processos-de-resiliencia-individual-i-col-lectiva-html\/","title":{"rendered":"Conversatorio amb dones lideresas aymaras i chiquitanas sobre viol\u00e8ncies estructurals en Salut sexual i reproductiva a Bol\u00edvia."},"content":{"rendered":"<div>\n<p>Viol\u00e8ncies patriarcals a Bol\u00edvia i processos de resili\u00e8ncia individual i col\u00b7lectiva.<\/p>\n<p>Dimecres 29 de novembre.<\/p>\n<p>Hora: 9-11 h.<\/p>\n<p>Lloc: Sala d&#8217;actes de l&#8217;Edifici Germ\u00e1n Bern\u00e1cer.<\/p>\n<p>\u00a0<\/p>\n<\/div>\n<p><a href=\"https:\/\/web.ua.es\/va\/iudesp\/activitats\/jornades-i-esdeveniments\/violencies-patriarcals-a-bolivia-i-processos-de-resiliencia-individual-i-col-lectiva.html\">\u2192<\/a><\/p>\n","protected":false},"excerpt":{"rendered":"<p>Viol\u00e8ncies patriarcals a Bol\u00edvia i processos de resili\u00e8ncia individual i col\u00b7lectiva. Dimecres 29 de novembre. Hora: 9-11 h. Lloc: Sala d&#8217;actes de l&#8217;Edifici Germ\u00e1n Bern\u00e1cer. \u00a0 \u2192<\/p>\n","protected":false},"author":7,"featured_media":0,"comment_status":"closed","ping_status":"closed","sticky":false,"template":"","format":"standard","meta":{"footnotes":""},"categories":[9],"tags":[],"class_list":["post-632","post","type-post","status-publish","format-standard","hentry","category-noticias"],"_links":{"self":[{"href":"https:\/\/iudesp.es\/va\/wp-json\/wp\/v2\/posts\/632","targetHints":{"allow":["GET"]}}],"collection":[{"href":"https:\/\/iudesp.es\/va\/wp-json\/wp\/v2\/posts"}],"about":[{"href":"https:\/\/iudesp.es\/va\/wp-json\/wp\/v2\/types\/post"}],"author":[{"embeddable":true,"href":"https:\/\/iudesp.es\/va\/wp-json\/wp\/v2\/users\/7"}],"replies":[{"embeddable":true,"href":"https:\/\/iudesp.es\/va\/wp-json\/wp\/v2\/comments?post=632"}],"version-history":[{"count":0,"href":"https:\/\/iudesp.es\/va\/wp-json\/wp\/v2\/posts\/632\/revisions"}],"wp:attachment":[{"href":"https:\/\/iudesp.es\/va\/wp-json\/wp\/v2\/media?parent=632"}],"wp:term":[{"taxonomy":"category","embeddable":true,"href":"https:\/\/iudesp.es\/va\/wp-json\/wp\/v2\/categories?post=632"},{"taxonomy":"post_tag","embeddable":true,"href":"https:\/\/iudesp.es\/va\/wp-json\/wp\/v2\/tags?post=632"}],"curies":[{"name":"wp","href":"https:\/\/api.w.org\/{rel}","templated":true}]}}