{"id":631,"date":"2023-11-17T13:48:20","date_gmt":"2023-11-17T12:48:20","guid":{"rendered":"https:\/\/iudesp.es\/va\/cartell-i-programa-21-11-2023-dialogue-social-pdf\/"},"modified":"2023-11-17T13:48:20","modified_gmt":"2023-11-17T12:48:20","slug":"cartell-i-programa-21-11-2023-dialogue-social-pdf","status":"publish","type":"post","link":"https:\/\/iudesp.es\/va\/cartell-i-programa-21-11-2023-dialogue-social-pdf\/","title":{"rendered":"Seminari Noves formes d&#8217;acci\u00f3 social col\u00b7lectiva? El paper del di\u00e0leg social en l&#8217;agenda pol\u00edtica i legislativa a Espanya?"},"content":{"rendered":"<div>\n<p>La C\u00e0tedra de Di\u00e0leg Social organitza el Seminari Noves formes d&#8217;acci\u00f3 social col\u00b7lectiva? El paper del di\u00e0leg social en l&#8217;agenda pol\u00edtica i legislativa a Espanya?<\/p>\n<p>En el Seminari intervindran diversos membres del IUDESP.\u00a0<\/p>\n<p>Lloc: Sala Ernest Lluch de la Facultat de Ci\u00e8ncies Econ\u00f2miques i Empresarials\u00a0<\/p>\n<p>Data: 21 de novembre de 2023<\/p>\n<p><a title=\"Programa Seminari Di\u00e0leg Social 21-11-23\" href=\"https:\/\/web.ua.es\/va\/catedra-dialogosocial\/jornades-i-esdeveniments\/documents\/programa-seminari-dialeg-social-21-11-23.pdf\">Enlla\u00e7 al programa<\/a><\/p>\n<\/div>\n<p><a href=\"https:\/\/web.ua.es\/va\/catedra-dialogosocial\/jornades-i-esdeveniments\/documents\/cartell-i-programa-21-11-2023-dialogue-social.pdf\">\u2192<\/a><\/p>\n","protected":false},"excerpt":{"rendered":"<p>La C\u00e0tedra de Di\u00e0leg Social organitza el Seminari Noves formes d&#8217;acci\u00f3 social col\u00b7lectiva? El paper del di\u00e0leg social en l&#8217;agenda pol\u00edtica i legislativa a Espanya? En el Seminari intervindran diversos membres del IUDESP.\u00a0 Lloc: Sala Ernest Lluch de la Facultat de Ci\u00e8ncies Econ\u00f2miques i Empresarials\u00a0 Data: 21 de novembre de 2023 Enlla\u00e7 al programa \u2192<\/p>\n","protected":false},"author":7,"featured_media":0,"comment_status":"closed","ping_status":"closed","sticky":false,"template":"","format":"standard","meta":{"footnotes":""},"categories":[9],"tags":[],"class_list":["post-631","post","type-post","status-publish","format-standard","hentry","category-noticias"],"_links":{"self":[{"href":"https:\/\/iudesp.es\/va\/wp-json\/wp\/v2\/posts\/631","targetHints":{"allow":["GET"]}}],"collection":[{"href":"https:\/\/iudesp.es\/va\/wp-json\/wp\/v2\/posts"}],"about":[{"href":"https:\/\/iudesp.es\/va\/wp-json\/wp\/v2\/types\/post"}],"author":[{"embeddable":true,"href":"https:\/\/iudesp.es\/va\/wp-json\/wp\/v2\/users\/7"}],"replies":[{"embeddable":true,"href":"https:\/\/iudesp.es\/va\/wp-json\/wp\/v2\/comments?post=631"}],"version-history":[{"count":0,"href":"https:\/\/iudesp.es\/va\/wp-json\/wp\/v2\/posts\/631\/revisions"}],"wp:attachment":[{"href":"https:\/\/iudesp.es\/va\/wp-json\/wp\/v2\/media?parent=631"}],"wp:term":[{"taxonomy":"category","embeddable":true,"href":"https:\/\/iudesp.es\/va\/wp-json\/wp\/v2\/categories?post=631"},{"taxonomy":"post_tag","embeddable":true,"href":"https:\/\/iudesp.es\/va\/wp-json\/wp\/v2\/tags?post=631"}],"curies":[{"name":"wp","href":"https:\/\/api.w.org\/{rel}","templated":true}]}}