{"id":624,"date":"2023-11-15T16:50:31","date_gmt":"2023-11-15T15:50:31","guid":{"rendered":"https:\/\/iudesp.es\/va\/altoelfocinmediat-pdf\/"},"modified":"2023-11-15T16:50:31","modified_gmt":"2023-11-15T15:50:31","slug":"altoelfocinmediat-pdf","status":"publish","type":"post","link":"https:\/\/iudesp.es\/va\/altoelfocinmediat-pdf\/","title":{"rendered":"GAZA: EL IUDESP, SEU UA, S&#8217;UNEIX A la CAMPANYA #ALTOELFOCINMEDIAT"},"content":{"rendered":"<div>\n<p>L&#8217;Institut Interuniversitari de Desenvolupament Social i Pau -Seu UA- demana un alto el foc a Palestina i d\u00f3na suport a la iniciativa duta a terme per l&#8217;Asociaci\u00f3n Espa\u00f1ola de Investigaci\u00f3n para la Paz (AIPAZ), Amnist\u00eda Internacional, la COORDINADORA de Organizaciones para el Desarrollo i Futuro en Com\u00fan\u00a0<\/p>\n<\/div>\n<p><a href=\"https:\/\/web.ua.es\/va\/iudesp\/documentos\/altoelfocinmediat.pdf\">\u2192<\/a><\/p>\n","protected":false},"excerpt":{"rendered":"<p>L&#8217;Institut Interuniversitari de Desenvolupament Social i Pau -Seu UA- demana un alto el foc a Palestina i d\u00f3na suport a la iniciativa duta a terme per l&#8217;Asociaci\u00f3n Espa\u00f1ola de Investigaci\u00f3n para la Paz (AIPAZ), Amnist\u00eda Internacional, la COORDINADORA de Organizaciones para el Desarrollo i Futuro en Com\u00fan\u00a0 \u2192<\/p>\n","protected":false},"author":7,"featured_media":0,"comment_status":"closed","ping_status":"closed","sticky":false,"template":"","format":"standard","meta":{"footnotes":""},"categories":[9],"tags":[],"class_list":["post-624","post","type-post","status-publish","format-standard","hentry","category-noticias"],"_links":{"self":[{"href":"https:\/\/iudesp.es\/va\/wp-json\/wp\/v2\/posts\/624","targetHints":{"allow":["GET"]}}],"collection":[{"href":"https:\/\/iudesp.es\/va\/wp-json\/wp\/v2\/posts"}],"about":[{"href":"https:\/\/iudesp.es\/va\/wp-json\/wp\/v2\/types\/post"}],"author":[{"embeddable":true,"href":"https:\/\/iudesp.es\/va\/wp-json\/wp\/v2\/users\/7"}],"replies":[{"embeddable":true,"href":"https:\/\/iudesp.es\/va\/wp-json\/wp\/v2\/comments?post=624"}],"version-history":[{"count":0,"href":"https:\/\/iudesp.es\/va\/wp-json\/wp\/v2\/posts\/624\/revisions"}],"wp:attachment":[{"href":"https:\/\/iudesp.es\/va\/wp-json\/wp\/v2\/media?parent=624"}],"wp:term":[{"taxonomy":"category","embeddable":true,"href":"https:\/\/iudesp.es\/va\/wp-json\/wp\/v2\/categories?post=624"},{"taxonomy":"post_tag","embeddable":true,"href":"https:\/\/iudesp.es\/va\/wp-json\/wp\/v2\/tags?post=624"}],"curies":[{"name":"wp","href":"https:\/\/api.w.org\/{rel}","templated":true}]}}