{"id":616,"date":"2023-11-15T14:31:35","date_gmt":"2023-11-15T13:31:35","guid":{"rendered":"https:\/\/iudesp.es\/va\/gaza-el-iudesp-seu-ua-s-uneix-a-la-campanya-altoelfocinmediat-html\/"},"modified":"2023-11-15T14:34:17","modified_gmt":"2023-11-15T13:34:17","slug":"gaza-el-iudesp-seu-ua-s-uneix-a-la-campanya-altoelfocinmediat-html","status":"publish","type":"post","link":"https:\/\/iudesp.es\/va\/gaza-el-iudesp-seu-ua-s-uneix-a-la-campanya-altoelfocinmediat-html\/","title":{"rendered":"GAZA: EL IUDESP, SEU UA, S&#8217;UNEIX a la CAMPANYA #ALTOELFUEGOINMEDIATO"},"content":{"rendered":"<div>\n<div>L&#8217;Institut Interuniversitari de Desenvolupament Social i Pau -Seu UA- demana un alto el foc a Palestina i d\u00f3na suport a la iniciativa duta a terme per l&#8217;Asociaci\u00f3n Espa\u00f1ola de Investigaci\u00f3n para la Paz (AIPAZ), Amnist\u00eda Internacional, la COORDINADORA de Organizaciones para el Desarrollo i Futuro en Com\u00fan consistent en:<\/div>\n<div>\n<ol>\n<li>el comunicat amb el t\u00edtol <a href=\"https:\/\/coordinadoraongd.org\/2023\/10\/israel-y-gaza-mas-de-650-de-organizaciones-espanolas-piden-un-alto-el-fuego-inmediato\/\" target=\"_blank\" rel=\"noopener noreferrer\">&#8220;Israel y Gaza: m\u00e1s de 650 de organizaciones espa\u00f1olas piden un alto el fuego inmediato&#8221;\u00a0<\/a>\u00a0i<\/li>\n<li>la <a href=\"https:\/\/coordinadoraongd.org\/wp-content\/uploads\/2023\/11\/CartaAbierta_Alto_El_Fuego.pdf\" target=\"_blank\" rel=\"noopener noreferrer\">&#8220;Carta abierta al Presidente del Gobierno y a todas las fuerzas pol\u00edticas de Espa\u00f1a&#8221;<\/a><\/li>\n<\/ol>\n<\/div>\n<div><\/div>\n<div>El IUDESP tamb\u00e9 vol anunciar la concentraci\u00f3 &#8220;Por un alto el fuego en Gaza&#8221; que tindr\u00e0 lloc el proper dijous 16 de novembre a les 11 hores a &#8220;La m\u00e0&#8221; (l&#8217;escultura &#8220;Dibuixar l&#8217;espai&#8221; de Pepe Azor\u00edn\u00a0) de la UA i que ha sigut organitzada per la AUPA (Assemblea Universit\u00e0ria per Palestina d&#8217;Alacant)<\/div>\n<\/div>\n<p><a href=\"https:\/\/web.ua.es\/va\/iudesp\/gaza-el-iudesp-seu-ua-s-uneix-a-la-campanya-altoelfocinmediat.html\">\u2192<\/a><\/p>\n","protected":false},"excerpt":{"rendered":"<p>L&#8217;Institut Interuniversitari de Desenvolupament Social i Pau -Seu UA- demana un alto el foc a Palestina i d\u00f3na suport a la iniciativa duta a terme per l&#8217;Asociaci\u00f3n Espa\u00f1ola de Investigaci\u00f3n para la Paz (AIPAZ), Amnist\u00eda Internacional, la COORDINADORA de Organizaciones para el Desarrollo i Futuro en Com\u00fan consistent en: el comunicat amb el t\u00edtol &#8220;Israel [&hellip;]<\/p>\n","protected":false},"author":7,"featured_media":0,"comment_status":"closed","ping_status":"closed","sticky":false,"template":"","format":"standard","meta":{"footnotes":""},"categories":[9],"tags":[],"class_list":["post-616","post","type-post","status-publish","format-standard","hentry","category-noticias"],"_links":{"self":[{"href":"https:\/\/iudesp.es\/va\/wp-json\/wp\/v2\/posts\/616","targetHints":{"allow":["GET"]}}],"collection":[{"href":"https:\/\/iudesp.es\/va\/wp-json\/wp\/v2\/posts"}],"about":[{"href":"https:\/\/iudesp.es\/va\/wp-json\/wp\/v2\/types\/post"}],"author":[{"embeddable":true,"href":"https:\/\/iudesp.es\/va\/wp-json\/wp\/v2\/users\/7"}],"replies":[{"embeddable":true,"href":"https:\/\/iudesp.es\/va\/wp-json\/wp\/v2\/comments?post=616"}],"version-history":[{"count":1,"href":"https:\/\/iudesp.es\/va\/wp-json\/wp\/v2\/posts\/616\/revisions"}],"predecessor-version":[{"id":619,"href":"https:\/\/iudesp.es\/va\/wp-json\/wp\/v2\/posts\/616\/revisions\/619"}],"wp:attachment":[{"href":"https:\/\/iudesp.es\/va\/wp-json\/wp\/v2\/media?parent=616"}],"wp:term":[{"taxonomy":"category","embeddable":true,"href":"https:\/\/iudesp.es\/va\/wp-json\/wp\/v2\/categories?post=616"},{"taxonomy":"post_tag","embeddable":true,"href":"https:\/\/iudesp.es\/va\/wp-json\/wp\/v2\/tags?post=616"}],"curies":[{"name":"wp","href":"https:\/\/api.w.org\/{rel}","templated":true}]}}