{"id":594,"date":"2023-09-26T14:49:25","date_gmt":"2023-09-26T12:49:25","guid":{"rendered":"https:\/\/iudesp.es\/va\/successful-meeting-at-the-university-of-alicante\/"},"modified":"2023-09-26T14:49:25","modified_gmt":"2023-09-26T12:49:25","slug":"successful-meeting-at-the-university-of-alicante","status":"publish","type":"post","link":"https:\/\/iudesp.es\/va\/successful-meeting-at-the-university-of-alicante\/","title":{"rendered":"Reuni\u00f3 inicial entre els representants de l&#8217;Institut Interuniversitari de Desenvolupament Social i Pau, i Centre for Protestant Studies G\u00e1sp\u00e1r K\u00e1roli from S\u00e8rbia"},"content":{"rendered":"<div>\n<p>El passat 21 de setembre de 2023 la Universitat d&#8217;Alacant va acollir una reuni\u00f3 inicial de treball entre els representants de l&#8217;Institut Interuniversitari de Desenvolupament Social i Pau, i Centre for Protestant Studies G\u00e1sp\u00e1r K\u00e1roli from S\u00e8rbia. En representaci\u00f3 del Centre d&#8217;Investigaci\u00f3 K\u00e1roli va participar en la reuni\u00f3 el Dr. Damir S\u00fct?, investigador i enviat de relacions internacionals del Centre G\u00e1sp\u00e1r K\u00e1roli.<\/p>\n<\/div>\n<p><a href=\"https:\/\/karoli.org\/en\/successful-meeting-at-the-university-of-alicante\/\">\u2192<\/a><\/p>\n","protected":false},"excerpt":{"rendered":"<p>El passat 21 de setembre de 2023 la Universitat d&#8217;Alacant va acollir una reuni\u00f3 inicial de treball entre els representants de l&#8217;Institut Interuniversitari de Desenvolupament Social i Pau, i Centre for Protestant Studies G\u00e1sp\u00e1r K\u00e1roli from S\u00e8rbia. En representaci\u00f3 del Centre d&#8217;Investigaci\u00f3 K\u00e1roli va participar en la reuni\u00f3 el Dr. Damir S\u00fct?, investigador i enviat [&hellip;]<\/p>\n","protected":false},"author":7,"featured_media":0,"comment_status":"closed","ping_status":"closed","sticky":false,"template":"","format":"standard","meta":{"footnotes":""},"categories":[9],"tags":[],"class_list":["post-594","post","type-post","status-publish","format-standard","hentry","category-noticias"],"_links":{"self":[{"href":"https:\/\/iudesp.es\/va\/wp-json\/wp\/v2\/posts\/594","targetHints":{"allow":["GET"]}}],"collection":[{"href":"https:\/\/iudesp.es\/va\/wp-json\/wp\/v2\/posts"}],"about":[{"href":"https:\/\/iudesp.es\/va\/wp-json\/wp\/v2\/types\/post"}],"author":[{"embeddable":true,"href":"https:\/\/iudesp.es\/va\/wp-json\/wp\/v2\/users\/7"}],"replies":[{"embeddable":true,"href":"https:\/\/iudesp.es\/va\/wp-json\/wp\/v2\/comments?post=594"}],"version-history":[{"count":0,"href":"https:\/\/iudesp.es\/va\/wp-json\/wp\/v2\/posts\/594\/revisions"}],"wp:attachment":[{"href":"https:\/\/iudesp.es\/va\/wp-json\/wp\/v2\/media?parent=594"}],"wp:term":[{"taxonomy":"category","embeddable":true,"href":"https:\/\/iudesp.es\/va\/wp-json\/wp\/v2\/categories?post=594"},{"taxonomy":"post_tag","embeddable":true,"href":"https:\/\/iudesp.es\/va\/wp-json\/wp\/v2\/tags?post=594"}],"curies":[{"name":"wp","href":"https:\/\/api.w.org\/{rel}","templated":true}]}}