{"id":593,"date":"2023-09-26T13:02:27","date_gmt":"2023-09-26T11:02:27","guid":{"rendered":"https:\/\/iudesp.es\/va\/international-conference-commemorating-alma-ata-45-and-astana-5-on-primary-health-care-policy-and-practice-implementing-for-better-results\/"},"modified":"2023-09-26T13:02:27","modified_gmt":"2023-09-26T11:02:27","slug":"international-conference-commemorating-alma-ata-45-and-astana-5-on-primary-health-care-policy-and-practice-implementing-for-better-results","status":"publish","type":"post","link":"https:\/\/iudesp.es\/va\/international-conference-commemorating-alma-ata-45-and-astana-5-on-primary-health-care-policy-and-practice-implementing-for-better-results\/","title":{"rendered":"confer\u00e8ncia internacional d&#8217;OMS sobre atenci\u00f3 prim\u00e0ria en salut per a la celebraci\u00f3 dels 45 anys de la declaraci\u00f3 d&#8217;Alma-Ata i els 5 anys de de Astana."},"content":{"rendered":"<div>\n<div>Daniel La Parra Casado participa en la s\u00e8rie de seminaris preparatoris de la confer\u00e8ncia internacional d&#8217;OMS sobre atenci\u00f3 prim\u00e0ria en salut per a la celebraci\u00f3 dels 45 anys de la declaraci\u00f3 d&#8217;Alma-Ata i els 5 anys de de Astana.<\/div>\n<div><a href=\"https:\/\/www.who.int\/europe\/news-room\/events\/item\/2023\/10\/23\/default-calendar\/international-conference-commemorating-alma-ata-45-and-astana-5---on-primary-health-care-policy-and-practice--implementing-for-better-results\">+ Informaci\u00f3 sobre la confer\u00e8ncia<\/a><\/div>\n<div>\u00a0<\/div>\n<div>Actua en qualitat de conferenciant convidant en la taula sobre promoci\u00f3 de la participaci\u00f3 en l&#8217;atenci\u00f3 prim\u00e0ria.<\/div>\n<div>\n<p>Sobre aquesta tem\u00e0tica ha publicat diferents treballs amb OMS, que es poden<a title=\"World Health Organization\" href=\"https:\/\/web.ua.es\/es\/iudesp\/noticias\/world-health-organization.docx\"> consultar ac\u00ed<\/a><\/p>\n<\/div>\n<\/div>\n<p><a href=\"https:\/\/www.who.int\/europe\/news-room\/events\/item\/2023\/10\/23\/default-calendar\/international-conference-commemorating-alma-ata-45-and-astana-5---on-primary-health-care-policy-and-practice--implementing-for-better-results\">\u2192<\/a><\/p>\n","protected":false},"excerpt":{"rendered":"<p>Daniel La Parra Casado participa en la s\u00e8rie de seminaris preparatoris de la confer\u00e8ncia internacional d&#8217;OMS sobre atenci\u00f3 prim\u00e0ria en salut per a la celebraci\u00f3 dels 45 anys de la declaraci\u00f3 d&#8217;Alma-Ata i els 5 anys de de Astana. + Informaci\u00f3 sobre la confer\u00e8ncia \u00a0 Actua en qualitat de conferenciant convidant en la taula sobre [&hellip;]<\/p>\n","protected":false},"author":7,"featured_media":0,"comment_status":"closed","ping_status":"closed","sticky":false,"template":"","format":"standard","meta":{"footnotes":""},"categories":[9],"tags":[],"class_list":["post-593","post","type-post","status-publish","format-standard","hentry","category-noticias"],"_links":{"self":[{"href":"https:\/\/iudesp.es\/va\/wp-json\/wp\/v2\/posts\/593","targetHints":{"allow":["GET"]}}],"collection":[{"href":"https:\/\/iudesp.es\/va\/wp-json\/wp\/v2\/posts"}],"about":[{"href":"https:\/\/iudesp.es\/va\/wp-json\/wp\/v2\/types\/post"}],"author":[{"embeddable":true,"href":"https:\/\/iudesp.es\/va\/wp-json\/wp\/v2\/users\/7"}],"replies":[{"embeddable":true,"href":"https:\/\/iudesp.es\/va\/wp-json\/wp\/v2\/comments?post=593"}],"version-history":[{"count":0,"href":"https:\/\/iudesp.es\/va\/wp-json\/wp\/v2\/posts\/593\/revisions"}],"wp:attachment":[{"href":"https:\/\/iudesp.es\/va\/wp-json\/wp\/v2\/media?parent=593"}],"wp:term":[{"taxonomy":"category","embeddable":true,"href":"https:\/\/iudesp.es\/va\/wp-json\/wp\/v2\/categories?post=593"},{"taxonomy":"post_tag","embeddable":true,"href":"https:\/\/iudesp.es\/va\/wp-json\/wp\/v2\/tags?post=593"}],"curies":[{"name":"wp","href":"https:\/\/api.w.org\/{rel}","templated":true}]}}