{"id":592,"date":"2023-09-18T15:55:37","date_gmt":"2023-09-18T13:55:37","guid":{"rendered":"https:\/\/iudesp.es\/va\/42042-2\/"},"modified":"2023-09-18T15:55:37","modified_gmt":"2023-09-18T13:55:37","slug":"42042-2","status":"publish","type":"post","link":"https:\/\/iudesp.es\/va\/42042-2\/","title":{"rendered":"Es convoca una  pla\u00e7a de Personal Investigador en Formaci\u00f3 per a col\u00b7laborar amb el projecte del IUDESP &#8221; Interseccionalitat de g\u00e8nere, posici\u00f3 socioecon\u00f2mica, origen i \u00e8tnia en salut (SALUDINTERDECT)."},"content":{"rendered":"<div>\n<p>Convocat\u00f2ria de la Universitat d&#8217;Alacant per la qual es convoca proc\u00e9s de preselecci\u00f3 per a cobrir amb contracte laboral, una pla\u00e7a de Personal Investigador\/a Predoctoral en formaci\u00f3 per a col\u00b7laborar amb el projecte &#8220;interseccionalitat de g\u00e8nere, posici\u00f3 socioecon\u00f2mica, origen i \u00e8tnia en salut (saludintersect)&#8221; de l&#8217;Institut Interuniversitari de Desenvolupament Social i Pau. Refer\u00e8ncia: I-PI 97-23.<\/p>\n<\/div>\n<p><a href=\"https:\/\/www.boua.ua.es\/es\/acuerdo\/42042\">\u2192<\/a><\/p>\n","protected":false},"excerpt":{"rendered":"<p>Convocat\u00f2ria de la Universitat d&#8217;Alacant per la qual es convoca proc\u00e9s de preselecci\u00f3 per a cobrir amb contracte laboral, una pla\u00e7a de Personal Investigador\/a Predoctoral en formaci\u00f3 per a col\u00b7laborar amb el projecte &#8220;interseccionalitat de g\u00e8nere, posici\u00f3 socioecon\u00f2mica, origen i \u00e8tnia en salut (saludintersect)&#8221; de l&#8217;Institut Interuniversitari de Desenvolupament Social i Pau. Refer\u00e8ncia: I-PI 97-23. [&hellip;]<\/p>\n","protected":false},"author":7,"featured_media":0,"comment_status":"closed","ping_status":"closed","sticky":false,"template":"","format":"standard","meta":{"footnotes":""},"categories":[9],"tags":[],"class_list":["post-592","post","type-post","status-publish","format-standard","hentry","category-noticias"],"_links":{"self":[{"href":"https:\/\/iudesp.es\/va\/wp-json\/wp\/v2\/posts\/592","targetHints":{"allow":["GET"]}}],"collection":[{"href":"https:\/\/iudesp.es\/va\/wp-json\/wp\/v2\/posts"}],"about":[{"href":"https:\/\/iudesp.es\/va\/wp-json\/wp\/v2\/types\/post"}],"author":[{"embeddable":true,"href":"https:\/\/iudesp.es\/va\/wp-json\/wp\/v2\/users\/7"}],"replies":[{"embeddable":true,"href":"https:\/\/iudesp.es\/va\/wp-json\/wp\/v2\/comments?post=592"}],"version-history":[{"count":0,"href":"https:\/\/iudesp.es\/va\/wp-json\/wp\/v2\/posts\/592\/revisions"}],"wp:attachment":[{"href":"https:\/\/iudesp.es\/va\/wp-json\/wp\/v2\/media?parent=592"}],"wp:term":[{"taxonomy":"category","embeddable":true,"href":"https:\/\/iudesp.es\/va\/wp-json\/wp\/v2\/categories?post=592"},{"taxonomy":"post_tag","embeddable":true,"href":"https:\/\/iudesp.es\/va\/wp-json\/wp\/v2\/tags?post=592"}],"curies":[{"name":"wp","href":"https:\/\/api.w.org\/{rel}","templated":true}]}}