{"id":590,"date":"2023-07-28T14:45:14","date_gmt":"2023-07-28T12:45:14","guid":{"rendered":"https:\/\/iudesp.es\/va\/premis-tfg-tfm-2022-de-l-institut-interuniversitari-de-desenvolupament-social-i-pau-html-2\/"},"modified":"2023-07-28T14:45:14","modified_gmt":"2023-07-28T12:45:14","slug":"premis-tfg-tfm-2022-de-l-institut-interuniversitari-de-desenvolupament-social-i-pau-html-2","status":"publish","type":"post","link":"https:\/\/iudesp.es\/va\/premis-tfg-tfm-2022-de-l-institut-interuniversitari-de-desenvolupament-social-i-pau-html-2\/","title":{"rendered":"Acta de resoluci\u00f3 Premis TFG-TFM del IUDESP"},"content":{"rendered":"<div>\n<p>S&#8217;ha publicat l&#8217;acta de resoluci\u00f3 provisional de la Comissi\u00f3 Avaluadora dels premis de Treball Fi de Grau i Treball Fi de M\u00e0ster del IUDESP.<\/p>\n<\/div>\n<p><a href=\"https:\/\/web.ua.es\/va\/iudesp\/convocatories-premis-beques\/premis-tfg-tfm-2022-de-l-institut-interuniversitari-de-desenvolupament-social-i-pau.html\">\u2192<\/a><\/p>\n","protected":false},"excerpt":{"rendered":"<p>S&#8217;ha publicat l&#8217;acta de resoluci\u00f3 provisional de la Comissi\u00f3 Avaluadora dels premis de Treball Fi de Grau i Treball Fi de M\u00e0ster del IUDESP. \u2192<\/p>\n","protected":false},"author":7,"featured_media":0,"comment_status":"closed","ping_status":"closed","sticky":false,"template":"","format":"standard","meta":{"footnotes":""},"categories":[9],"tags":[],"class_list":["post-590","post","type-post","status-publish","format-standard","hentry","category-noticias"],"_links":{"self":[{"href":"https:\/\/iudesp.es\/va\/wp-json\/wp\/v2\/posts\/590","targetHints":{"allow":["GET"]}}],"collection":[{"href":"https:\/\/iudesp.es\/va\/wp-json\/wp\/v2\/posts"}],"about":[{"href":"https:\/\/iudesp.es\/va\/wp-json\/wp\/v2\/types\/post"}],"author":[{"embeddable":true,"href":"https:\/\/iudesp.es\/va\/wp-json\/wp\/v2\/users\/7"}],"replies":[{"embeddable":true,"href":"https:\/\/iudesp.es\/va\/wp-json\/wp\/v2\/comments?post=590"}],"version-history":[{"count":0,"href":"https:\/\/iudesp.es\/va\/wp-json\/wp\/v2\/posts\/590\/revisions"}],"wp:attachment":[{"href":"https:\/\/iudesp.es\/va\/wp-json\/wp\/v2\/media?parent=590"}],"wp:term":[{"taxonomy":"category","embeddable":true,"href":"https:\/\/iudesp.es\/va\/wp-json\/wp\/v2\/categories?post=590"},{"taxonomy":"post_tag","embeddable":true,"href":"https:\/\/iudesp.es\/va\/wp-json\/wp\/v2\/tags?post=590"}],"curies":[{"name":"wp","href":"https:\/\/api.w.org\/{rel}","templated":true}]}}