{"id":570,"date":"2023-07-13T15:04:37","date_gmt":"2023-07-13T13:04:37","guid":{"rendered":"https:\/\/iudesp.es\/va\/150547-2\/"},"modified":"2023-07-13T15:04:37","modified_gmt":"2023-07-13T13:04:37","slug":"150547-2","status":"publish","type":"post","link":"https:\/\/iudesp.es\/va\/150547-2\/","title":{"rendered":"Article publicat en la revista Treballs de Socioling\u00fc\u00edstica Catalana"},"content":{"rendered":"<div>\n<p>Els professors investigadors del IUDESP Llu\u00eds Catal\u00e0 i Clemente Penalva han publicat l&#8217;article: Din\u00e0miques econ\u00f2miques i \u00fas dels lleng\u00fces minoritzades. El cas de la digitalitzaci\u00f3 comercial al Pa\u00eds Valenci\u00e1.<\/p>\n<\/div>\n<p><a href=\"https:\/\/revistes.iec.cat\/index.php\/tsc\/article\/view\/150547\">\u2192<\/a><\/p>\n","protected":false},"excerpt":{"rendered":"<p>Els professors investigadors del IUDESP Llu\u00eds Catal\u00e0 i Clemente Penalva han publicat l&#8217;article: Din\u00e0miques econ\u00f2miques i \u00fas dels lleng\u00fces minoritzades. El cas de la digitalitzaci\u00f3 comercial al Pa\u00eds Valenci\u00e1. \u2192<\/p>\n","protected":false},"author":7,"featured_media":0,"comment_status":"closed","ping_status":"closed","sticky":false,"template":"","format":"standard","meta":{"footnotes":""},"categories":[9],"tags":[],"class_list":["post-570","post","type-post","status-publish","format-standard","hentry","category-noticias"],"_links":{"self":[{"href":"https:\/\/iudesp.es\/va\/wp-json\/wp\/v2\/posts\/570","targetHints":{"allow":["GET"]}}],"collection":[{"href":"https:\/\/iudesp.es\/va\/wp-json\/wp\/v2\/posts"}],"about":[{"href":"https:\/\/iudesp.es\/va\/wp-json\/wp\/v2\/types\/post"}],"author":[{"embeddable":true,"href":"https:\/\/iudesp.es\/va\/wp-json\/wp\/v2\/users\/7"}],"replies":[{"embeddable":true,"href":"https:\/\/iudesp.es\/va\/wp-json\/wp\/v2\/comments?post=570"}],"version-history":[{"count":0,"href":"https:\/\/iudesp.es\/va\/wp-json\/wp\/v2\/posts\/570\/revisions"}],"wp:attachment":[{"href":"https:\/\/iudesp.es\/va\/wp-json\/wp\/v2\/media?parent=570"}],"wp:term":[{"taxonomy":"category","embeddable":true,"href":"https:\/\/iudesp.es\/va\/wp-json\/wp\/v2\/categories?post=570"},{"taxonomy":"post_tag","embeddable":true,"href":"https:\/\/iudesp.es\/va\/wp-json\/wp\/v2\/tags?post=570"}],"curies":[{"name":"wp","href":"https:\/\/api.w.org\/{rel}","templated":true}]}}