{"id":567,"date":"2023-07-13T15:04:32","date_gmt":"2023-07-13T13:04:32","guid":{"rendered":"https:\/\/iudesp.es\/va\/76625-2\/"},"modified":"2023-07-13T15:04:32","modified_gmt":"2023-07-13T13:04:32","slug":"76625-2","status":"publish","type":"post","link":"https:\/\/iudesp.es\/va\/76625-2\/","title":{"rendered":"Publicaci\u00f3 del professor Alejandro Osorio en la Revista Pol\u00edtica i Societat de la UCM"},"content":{"rendered":"<div>\n<p>El professor investigador del IUDESP, Alejandro Osorio ha publicat un article denominat Actituds i ruptures discursives de les elits econ\u00f2miques: els gremis empresarials xilens enfront de les viol\u00e8ncies de drets humans sota la dictadura c\u00edvic-militar de Pinochet.<\/p>\n<\/div>\n<p><a href=\"https:\/\/revistas.ucm.es\/index.php\/poso\/article\/view\/76625\">\u2192<\/a><\/p>\n","protected":false},"excerpt":{"rendered":"<p>El professor investigador del IUDESP, Alejandro Osorio ha publicat un article denominat Actituds i ruptures discursives de les elits econ\u00f2miques: els gremis empresarials xilens enfront de les viol\u00e8ncies de drets humans sota la dictadura c\u00edvic-militar de Pinochet. \u2192<\/p>\n","protected":false},"author":7,"featured_media":0,"comment_status":"closed","ping_status":"closed","sticky":false,"template":"","format":"standard","meta":{"footnotes":""},"categories":[9],"tags":[],"class_list":["post-567","post","type-post","status-publish","format-standard","hentry","category-noticias"],"_links":{"self":[{"href":"https:\/\/iudesp.es\/va\/wp-json\/wp\/v2\/posts\/567","targetHints":{"allow":["GET"]}}],"collection":[{"href":"https:\/\/iudesp.es\/va\/wp-json\/wp\/v2\/posts"}],"about":[{"href":"https:\/\/iudesp.es\/va\/wp-json\/wp\/v2\/types\/post"}],"author":[{"embeddable":true,"href":"https:\/\/iudesp.es\/va\/wp-json\/wp\/v2\/users\/7"}],"replies":[{"embeddable":true,"href":"https:\/\/iudesp.es\/va\/wp-json\/wp\/v2\/comments?post=567"}],"version-history":[{"count":0,"href":"https:\/\/iudesp.es\/va\/wp-json\/wp\/v2\/posts\/567\/revisions"}],"wp:attachment":[{"href":"https:\/\/iudesp.es\/va\/wp-json\/wp\/v2\/media?parent=567"}],"wp:term":[{"taxonomy":"category","embeddable":true,"href":"https:\/\/iudesp.es\/va\/wp-json\/wp\/v2\/categories?post=567"},{"taxonomy":"post_tag","embeddable":true,"href":"https:\/\/iudesp.es\/va\/wp-json\/wp\/v2\/tags?post=567"}],"curies":[{"name":"wp","href":"https:\/\/api.w.org\/{rel}","templated":true}]}}