{"id":561,"date":"2023-06-15T15:30:56","date_gmt":"2023-06-15T13:30:56","guid":{"rendered":"https:\/\/iudesp.es\/va\/invisibleintersections\/"},"modified":"2023-06-20T12:53:19","modified_gmt":"2023-06-20T10:53:19","slug":"invisibleintersections","status":"publish","type":"post","link":"https:\/\/iudesp.es\/va\/invisibleintersections\/","title":{"rendered":"Posada en marxa p\u00e0gina web grup consolidat Interseccionalitat"},"content":{"rendered":"<div>\n<div class=\"row mb-2\">\n<div class=\"col-12\">\n<p>La p\u00e0gina web del grup consolidat Interseccionalitat &#8211; Web Invisible Intersections &#8211; fa els seus primers passos.<\/p>\n<p>A trav\u00e9s dels seus continguts podr\u00e0s descobrir formes de desigualtat i dominaci\u00f3 derivades del sexisme, clasismo, racisme i d&#8217;altres sistemes d&#8217;opressi\u00f3 social que requereixen ser estudiades per a fer-les visibles. La web, a m\u00e9s, mostra proposades per a transformar les formes de relaci\u00f3 social que produeixen inequidad i revela treballs en xarxa amb entitats i persones involucrades.<\/p>\n<p>Es tracta d&#8217;un projecte finan\u00e7at per la Conselleria d&#8217;Innovaci\u00f3, Universitats, Ci\u00e8ncia i Societat Digital de la Generalitat Valenciana.<\/p>\n<p>IPs del projecte: Daniel La Parra Casado i Carmen Vives Cases.<\/p>\n<p>\u00a0<\/p>\n<\/div>\n<\/div>\n<div class=\"row mb-2\">\n<div class=\"col-12 col-lg-6\">\u00a0<\/div>\n<\/div>\n<\/div>\n<p><a href=\"https:\/\/web.ua.es\/es\/invisibleintersections\/\">\u2192<\/a><\/p>\n","protected":false},"excerpt":{"rendered":"<p>La p\u00e0gina web del grup consolidat Interseccionalitat &#8211; Web Invisible Intersections &#8211; fa els seus primers passos. A trav\u00e9s dels seus continguts podr\u00e0s descobrir formes de desigualtat i dominaci\u00f3 derivades del sexisme, clasismo, racisme i d&#8217;altres sistemes d&#8217;opressi\u00f3 social que requereixen ser estudiades per a fer-les visibles. La web, a m\u00e9s, mostra proposades per a [&hellip;]<\/p>\n","protected":false},"author":7,"featured_media":0,"comment_status":"closed","ping_status":"closed","sticky":false,"template":"","format":"standard","meta":{"footnotes":""},"categories":[9],"tags":[],"class_list":["post-561","post","type-post","status-publish","format-standard","hentry","category-noticias"],"_links":{"self":[{"href":"https:\/\/iudesp.es\/va\/wp-json\/wp\/v2\/posts\/561","targetHints":{"allow":["GET"]}}],"collection":[{"href":"https:\/\/iudesp.es\/va\/wp-json\/wp\/v2\/posts"}],"about":[{"href":"https:\/\/iudesp.es\/va\/wp-json\/wp\/v2\/types\/post"}],"author":[{"embeddable":true,"href":"https:\/\/iudesp.es\/va\/wp-json\/wp\/v2\/users\/7"}],"replies":[{"embeddable":true,"href":"https:\/\/iudesp.es\/va\/wp-json\/wp\/v2\/comments?post=561"}],"version-history":[{"count":2,"href":"https:\/\/iudesp.es\/va\/wp-json\/wp\/v2\/posts\/561\/revisions"}],"predecessor-version":[{"id":565,"href":"https:\/\/iudesp.es\/va\/wp-json\/wp\/v2\/posts\/561\/revisions\/565"}],"wp:attachment":[{"href":"https:\/\/iudesp.es\/va\/wp-json\/wp\/v2\/media?parent=561"}],"wp:term":[{"taxonomy":"category","embeddable":true,"href":"https:\/\/iudesp.es\/va\/wp-json\/wp\/v2\/categories?post=561"},{"taxonomy":"post_tag","embeddable":true,"href":"https:\/\/iudesp.es\/va\/wp-json\/wp\/v2\/tags?post=561"}],"curies":[{"name":"wp","href":"https:\/\/api.w.org\/{rel}","templated":true}]}}