{"id":551,"date":"2023-03-22T19:34:15","date_gmt":"2023-03-22T18:34:15","guid":{"rendered":"https:\/\/iudesp.es\/va\/radiografia-de-la-banca-armada-a-la-comunitat-valenciana-png\/"},"modified":"2023-03-22T19:34:15","modified_gmt":"2023-03-22T18:34:15","slug":"radiografia-de-la-banca-armada-a-la-comunitat-valenciana-png","status":"publish","type":"post","link":"https:\/\/iudesp.es\/va\/radiografia-de-la-banca-armada-a-la-comunitat-valenciana-png\/","title":{"rendered":"Radiografia de la Banca Armada a la Comunitat Valenciana"},"content":{"rendered":"<div>\n<p>@SETEMPV presenta la &#8216;Radiografia de la Banca Armada a la Comunitat Valenciana&#8217; en col\u00b7laboraci\u00f3 amb el @IUDESP per destacar el rol de les universitats en la promoci\u00f3 de la pau i la necessitat de avan\u00e7ar cap a la coher\u00e8ncia de pol\u00edtiques en favor d&#8217;un desenvolupament sostenible per a tothom. #NoBancaArmada #RadiografiaBancaArmadaCV<\/p>\n<\/div>\n<p><a href=\"https:\/\/web.ua.es\/es\/iudesp\/radiografia-de-la-banca-armada-a-la-comunitat-valenciana.png\">\u2192<\/a><\/p>\n","protected":false},"excerpt":{"rendered":"<p>@SETEMPV presenta la &#8216;Radiografia de la Banca Armada a la Comunitat Valenciana&#8217; en col\u00b7laboraci\u00f3 amb el @IUDESP per destacar el rol de les universitats en la promoci\u00f3 de la pau i la necessitat de avan\u00e7ar cap a la coher\u00e8ncia de pol\u00edtiques en favor d&#8217;un desenvolupament sostenible per a tothom. #NoBancaArmada #RadiografiaBancaArmadaCV \u2192<\/p>\n","protected":false},"author":7,"featured_media":0,"comment_status":"closed","ping_status":"closed","sticky":false,"template":"","format":"standard","meta":{"footnotes":""},"categories":[9],"tags":[],"class_list":["post-551","post","type-post","status-publish","format-standard","hentry","category-noticias"],"_links":{"self":[{"href":"https:\/\/iudesp.es\/va\/wp-json\/wp\/v2\/posts\/551","targetHints":{"allow":["GET"]}}],"collection":[{"href":"https:\/\/iudesp.es\/va\/wp-json\/wp\/v2\/posts"}],"about":[{"href":"https:\/\/iudesp.es\/va\/wp-json\/wp\/v2\/types\/post"}],"author":[{"embeddable":true,"href":"https:\/\/iudesp.es\/va\/wp-json\/wp\/v2\/users\/7"}],"replies":[{"embeddable":true,"href":"https:\/\/iudesp.es\/va\/wp-json\/wp\/v2\/comments?post=551"}],"version-history":[{"count":0,"href":"https:\/\/iudesp.es\/va\/wp-json\/wp\/v2\/posts\/551\/revisions"}],"wp:attachment":[{"href":"https:\/\/iudesp.es\/va\/wp-json\/wp\/v2\/media?parent=551"}],"wp:term":[{"taxonomy":"category","embeddable":true,"href":"https:\/\/iudesp.es\/va\/wp-json\/wp\/v2\/categories?post=551"},{"taxonomy":"post_tag","embeddable":true,"href":"https:\/\/iudesp.es\/va\/wp-json\/wp\/v2\/tags?post=551"}],"curies":[{"name":"wp","href":"https:\/\/api.w.org\/{rel}","templated":true}]}}