{"id":529,"date":"2023-03-03T16:11:19","date_gmt":"2023-03-03T15:11:19","guid":{"rendered":"https:\/\/iudesp.es\/va\/seguretat-global-des-d-una-perspectiva-pacifista-html\/"},"modified":"2023-03-16T14:52:47","modified_gmt":"2023-03-16T13:52:47","slug":"seguretat-global-des-d-una-perspectiva-pacifista-html","status":"publish","type":"post","link":"https:\/\/iudesp.es\/va\/seguretat-global-des-d-una-perspectiva-pacifista-html\/","title":{"rendered":"Confer\u00e8ncia &#8221; La guerra en Ucrania desde la mirada de la crisis global&#8221;. Nova data."},"content":{"rendered":"<div>\n<p>Dins del marc de les activitats del IUDESP sobre <a title=\"Confer\u00e8ncia Luis Gonz\u00e1lez Reyes\" href=\"https:\/\/web.ua.es\/va\/iudesp\/activitats\/jornades-i-esdeveniments\/seguretat-global-des-d-una-perspectiva-pacifista.html\">&#8220;Seguretat Global des d&#8217;una perspectiva pacifista&#8221;<\/a> est\u00e0 programada la confer\u00e8ncia de<\/p>\n<p>Luis Gonz\u00e1lez Reyes: &#8220;<strong>La guerra de Ucrania desde la mirada de la crisis global&#8221;<\/strong><\/p>\n<p>Divendres 10 de mar\u00e7, de les 13 a les 15 hores.<\/p>\n<p>Sala Ernest Lluch, Facultat d&#8217;Econ\u00f2miques<\/p>\n<\/div>\n<p><a href=\"https:\/\/web.ua.es\/va\/iudesp\/activitats\/jornades-i-esdeveniments\/seguretat-global-des-d-una-perspectiva-pacifista.html\">\u2192<\/a><\/p>\n","protected":false},"excerpt":{"rendered":"<p>Dins del marc de les activitats del IUDESP sobre &#8220;Seguretat Global des d&#8217;una perspectiva pacifista&#8221; est\u00e0 programada la confer\u00e8ncia de Luis Gonz\u00e1lez Reyes: &#8220;La guerra de Ucrania desde la mirada de la crisis global&#8221; Divendres 10 de mar\u00e7, de les 13 a les 15 hores. Sala Ernest Lluch, Facultat d&#8217;Econ\u00f2miques \u2192<\/p>\n","protected":false},"author":7,"featured_media":0,"comment_status":"closed","ping_status":"closed","sticky":false,"template":"","format":"standard","meta":{"footnotes":""},"categories":[9],"tags":[],"class_list":["post-529","post","type-post","status-publish","format-standard","hentry","category-noticias"],"_links":{"self":[{"href":"https:\/\/iudesp.es\/va\/wp-json\/wp\/v2\/posts\/529","targetHints":{"allow":["GET"]}}],"collection":[{"href":"https:\/\/iudesp.es\/va\/wp-json\/wp\/v2\/posts"}],"about":[{"href":"https:\/\/iudesp.es\/va\/wp-json\/wp\/v2\/types\/post"}],"author":[{"embeddable":true,"href":"https:\/\/iudesp.es\/va\/wp-json\/wp\/v2\/users\/7"}],"replies":[{"embeddable":true,"href":"https:\/\/iudesp.es\/va\/wp-json\/wp\/v2\/comments?post=529"}],"version-history":[{"count":2,"href":"https:\/\/iudesp.es\/va\/wp-json\/wp\/v2\/posts\/529\/revisions"}],"predecessor-version":[{"id":549,"href":"https:\/\/iudesp.es\/va\/wp-json\/wp\/v2\/posts\/529\/revisions\/549"}],"wp:attachment":[{"href":"https:\/\/iudesp.es\/va\/wp-json\/wp\/v2\/media?parent=529"}],"wp:term":[{"taxonomy":"category","embeddable":true,"href":"https:\/\/iudesp.es\/va\/wp-json\/wp\/v2\/categories?post=529"},{"taxonomy":"post_tag","embeddable":true,"href":"https:\/\/iudesp.es\/va\/wp-json\/wp\/v2\/tags?post=529"}],"curies":[{"name":"wp","href":"https:\/\/api.w.org\/{rel}","templated":true}]}}