{"id":512,"date":"2023-02-13T12:20:09","date_gmt":"2023-02-13T11:20:09","guid":{"rendered":"https:\/\/iudesp.es\/va\/seguretat-global-des-d-una-perspectiva-pacifista-html-2\/"},"modified":"2023-02-13T12:44:33","modified_gmt":"2023-02-13T11:44:33","slug":"seguretat-global-des-d-una-perspectiva-pacifista-html-2","status":"publish","type":"post","link":"https:\/\/iudesp.es\/va\/seguretat-global-des-d-una-perspectiva-pacifista-html-2\/","title":{"rendered":"Seguretat Global des d&#8217;una perspectiva pacifista. Confer\u00e8ncies i Exposici\u00f3."},"content":{"rendered":"<div>\n<p>L&#8217;exposici\u00f3 mostra els efectes que el militarisme produeix sobre les societats aix\u00ed com la prevenci\u00f3 que aquestes han d&#8217;assumir per a evitar el predomini d&#8217;all\u00f2 militar sobre les diferents esferes de la vida social: la pol\u00edtica, el benestar social, l&#8217;economia, el medi ambient i les relacions socials.<\/p>\n<p>Data: Del 13 al 26 de febrer de 2023<\/p>\n<\/div>\n<p><a href=\"https:\/\/web.ua.es\/va\/iudesp\/activitats\/jornades-i-esdeveniments\/seguretat-global-des-d-una-perspectiva-pacifista.html\">\u2192<\/a><\/p>\n","protected":false},"excerpt":{"rendered":"<p>L&#8217;exposici\u00f3 mostra els efectes que el militarisme produeix sobre les societats aix\u00ed com la prevenci\u00f3 que aquestes han d&#8217;assumir per a evitar el predomini d&#8217;all\u00f2 militar sobre les diferents esferes de la vida social: la pol\u00edtica, el benestar social, l&#8217;economia, el medi ambient i les relacions socials. Data: Del 13 al 26 de febrer de [&hellip;]<\/p>\n","protected":false},"author":7,"featured_media":0,"comment_status":"closed","ping_status":"closed","sticky":false,"template":"","format":"standard","meta":{"footnotes":""},"categories":[9],"tags":[],"class_list":["post-512","post","type-post","status-publish","format-standard","hentry","category-noticias"],"_links":{"self":[{"href":"https:\/\/iudesp.es\/va\/wp-json\/wp\/v2\/posts\/512","targetHints":{"allow":["GET"]}}],"collection":[{"href":"https:\/\/iudesp.es\/va\/wp-json\/wp\/v2\/posts"}],"about":[{"href":"https:\/\/iudesp.es\/va\/wp-json\/wp\/v2\/types\/post"}],"author":[{"embeddable":true,"href":"https:\/\/iudesp.es\/va\/wp-json\/wp\/v2\/users\/7"}],"replies":[{"embeddable":true,"href":"https:\/\/iudesp.es\/va\/wp-json\/wp\/v2\/comments?post=512"}],"version-history":[{"count":2,"href":"https:\/\/iudesp.es\/va\/wp-json\/wp\/v2\/posts\/512\/revisions"}],"predecessor-version":[{"id":518,"href":"https:\/\/iudesp.es\/va\/wp-json\/wp\/v2\/posts\/512\/revisions\/518"}],"wp:attachment":[{"href":"https:\/\/iudesp.es\/va\/wp-json\/wp\/v2\/media?parent=512"}],"wp:term":[{"taxonomy":"category","embeddable":true,"href":"https:\/\/iudesp.es\/va\/wp-json\/wp\/v2\/categories?post=512"},{"taxonomy":"post_tag","embeddable":true,"href":"https:\/\/iudesp.es\/va\/wp-json\/wp\/v2\/tags?post=512"}],"curies":[{"name":"wp","href":"https:\/\/api.w.org\/{rel}","templated":true}]}}