{"id":406,"date":"2022-12-19T00:00:00","date_gmt":"2022-12-18T23:00:00","guid":{"rendered":"https:\/\/iudesp.es\/va\/scholar\/"},"modified":"2023-01-27T12:34:46","modified_gmt":"2023-01-27T11:34:46","slug":"scholar","status":"publish","type":"post","link":"https:\/\/iudesp.es\/va\/scholar\/","title":{"rendered":"Premi extraordinari de doctorat"},"content":{"rendered":"<div>\n<p>La tesi doctoral <a href=\"https:\/\/scholar.google.es\/scholar?oi=bibs&amp;cluster=11593695815512975762&amp;btnI=1&amp;hl=es\" target=\"_blank\" rel=\"noopener\">La realitat augmentada. M\u00fasica i comunicaci\u00f3 en la societat de consum<\/a>\u00a0dirigida pel doctor \u00d3scar Santacreu i presentada des del IUDESP pel doctor Antonio Alaminos-Fern\u00e1ndez ha obtingut el <strong>premi extraordinari de doctorat<\/strong> amb una puntuaci\u00f3 de 80 sobre 95 punts possibles.<\/p>\n<\/div>\n<p><a href=\"https:\/\/scholar.google.es\/scholar?oi=bibs&amp;cluster=11593695815512975762&amp;btnI=1&amp;hl=es\">\u2192<\/a><\/p>\n","protected":false},"excerpt":{"rendered":"<p>La tesi doctoral La realitat augmentada. M\u00fasica i comunicaci\u00f3 en la societat de consum\u00a0dirigida pel doctor \u00d3scar Santacreu i presentada des del IUDESP pel doctor Antonio Alaminos-Fern\u00e1ndez ha obtingut el premi extraordinari de doctorat amb una puntuaci\u00f3 de 80 sobre 95 punts possibles. \u2192<\/p>\n","protected":false},"author":4,"featured_media":0,"comment_status":"closed","ping_status":"closed","sticky":false,"template":"","format":"standard","meta":{"footnotes":""},"categories":[9],"tags":[],"class_list":["post-406","post","type-post","status-publish","format-standard","hentry","category-noticias"],"_links":{"self":[{"href":"https:\/\/iudesp.es\/va\/wp-json\/wp\/v2\/posts\/406","targetHints":{"allow":["GET"]}}],"collection":[{"href":"https:\/\/iudesp.es\/va\/wp-json\/wp\/v2\/posts"}],"about":[{"href":"https:\/\/iudesp.es\/va\/wp-json\/wp\/v2\/types\/post"}],"author":[{"embeddable":true,"href":"https:\/\/iudesp.es\/va\/wp-json\/wp\/v2\/users\/4"}],"replies":[{"embeddable":true,"href":"https:\/\/iudesp.es\/va\/wp-json\/wp\/v2\/comments?post=406"}],"version-history":[{"count":0,"href":"https:\/\/iudesp.es\/va\/wp-json\/wp\/v2\/posts\/406\/revisions"}],"wp:attachment":[{"href":"https:\/\/iudesp.es\/va\/wp-json\/wp\/v2\/media?parent=406"}],"wp:term":[{"taxonomy":"category","embeddable":true,"href":"https:\/\/iudesp.es\/va\/wp-json\/wp\/v2\/categories?post=406"},{"taxonomy":"post_tag","embeddable":true,"href":"https:\/\/iudesp.es\/va\/wp-json\/wp\/v2\/tags?post=406"}],"curies":[{"name":"wp","href":"https:\/\/api.w.org\/{rel}","templated":true}]}}