{"id":405,"date":"2022-11-16T00:00:00","date_gmt":"2022-11-15T23:00:00","guid":{"rendered":"https:\/\/iudesp.es\/va\/ii-trobada-interuniversitaria-iudesp-ua-uji-jpg\/"},"modified":"2023-01-27T12:35:18","modified_gmt":"2023-01-27T11:35:18","slug":"ii-trobada-interuniversitaria-iudesp-ua-uji-jpg","status":"publish","type":"post","link":"https:\/\/iudesp.es\/va\/ii-trobada-interuniversitaria-iudesp-ua-uji-jpg\/","title":{"rendered":"II Trobada Interuniversit\u00e0ria IUDESP ( UJI-UA)"},"content":{"rendered":"<div>\n<p>La crisi global i els nous reptes de la investigaci\u00f3 social. Propostes i pr\u00e0ctiques de Desenvolupament Social.<\/p>\n<ul>\n<li>17 de novembre de 2022. <a title=\"Tri?ptico Jornades Latioamerica (1)\" href=\"https:\/\/web.ua.es\/es\/iudesp\/documentos\/actividades\/2022\/tri-ptico-jornadas-latioamerica-1.pdf\">Seminari Internacional d&#8217;Investigaci\u00f3<\/a> en Sala d&#8217;actes d&#8217;Aulari II.<\/li>\n<li>18 de novembre de 2022. Exposici\u00f3 de treballs i l\u00ednies d&#8217;investigaci\u00f3 IUDESP en Sala Ernest Lluch Fac. d&#8217;Econ\u00f2miques.<\/li>\n<\/ul>\n<\/div>\n<p><a href=\"https:\/\/web.ua.es\/es\/iudesp\/imagenes\/actividades\/actividades-2022\/ii-trobada-interuniversitaria-iudesp-ua-uji.jpg\">\u2192<\/a><\/p>\n","protected":false},"excerpt":{"rendered":"<p>La crisi global i els nous reptes de la investigaci\u00f3 social. Propostes i pr\u00e0ctiques de Desenvolupament Social. 17 de novembre de 2022. Seminari Internacional d&#8217;Investigaci\u00f3 en Sala d&#8217;actes d&#8217;Aulari II. 18 de novembre de 2022. Exposici\u00f3 de treballs i l\u00ednies d&#8217;investigaci\u00f3 IUDESP en Sala Ernest Lluch Fac. d&#8217;Econ\u00f2miques. \u2192<\/p>\n","protected":false},"author":4,"featured_media":0,"comment_status":"closed","ping_status":"closed","sticky":false,"template":"","format":"standard","meta":{"footnotes":""},"categories":[9],"tags":[],"class_list":["post-405","post","type-post","status-publish","format-standard","hentry","category-noticias"],"_links":{"self":[{"href":"https:\/\/iudesp.es\/va\/wp-json\/wp\/v2\/posts\/405","targetHints":{"allow":["GET"]}}],"collection":[{"href":"https:\/\/iudesp.es\/va\/wp-json\/wp\/v2\/posts"}],"about":[{"href":"https:\/\/iudesp.es\/va\/wp-json\/wp\/v2\/types\/post"}],"author":[{"embeddable":true,"href":"https:\/\/iudesp.es\/va\/wp-json\/wp\/v2\/users\/4"}],"replies":[{"embeddable":true,"href":"https:\/\/iudesp.es\/va\/wp-json\/wp\/v2\/comments?post=405"}],"version-history":[{"count":0,"href":"https:\/\/iudesp.es\/va\/wp-json\/wp\/v2\/posts\/405\/revisions"}],"wp:attachment":[{"href":"https:\/\/iudesp.es\/va\/wp-json\/wp\/v2\/media?parent=405"}],"wp:term":[{"taxonomy":"category","embeddable":true,"href":"https:\/\/iudesp.es\/va\/wp-json\/wp\/v2\/categories?post=405"},{"taxonomy":"post_tag","embeddable":true,"href":"https:\/\/iudesp.es\/va\/wp-json\/wp\/v2\/tags?post=405"}],"curies":[{"name":"wp","href":"https:\/\/api.w.org\/{rel}","templated":true}]}}