{"id":404,"date":"2022-11-15T00:00:00","date_gmt":"2022-11-14T23:00:00","guid":{"rendered":"https:\/\/iudesp.es\/va\/cartel-seminario-17-de-noviembre-iudesp-jpg\/"},"modified":"2022-11-15T00:00:00","modified_gmt":"2022-11-14T23:00:00","slug":"cartel-seminario-17-de-noviembre-iudesp-jpg","status":"publish","type":"post","link":"https:\/\/iudesp.es\/va\/cartel-seminario-17-de-noviembre-iudesp-jpg\/","title":{"rendered":"<div>Seminari Internacional IUDESP &#8220;Avan\u00e7os Constitucionals Llatinoamericans en drets de la naturalesa&#8221;<\/div>"},"content":{"rendered":"<div>\n<p>Alguns processos constitucionals a Am\u00e8rica Llatina han incl\u00f2s la naturalesa com a subjecte de drets. Recon\u00e8ixer que els ecosistemes tenen drets suposa dotar-los de m\u00e9s protecci\u00f3. Di\u00e0leg entre les experi\u00e8ncies americanes i les iniciatives europees m\u00e9s pr\u00f2ximes.<\/p>\n<p>Lloc: Sala d&#8217;actes de l&#8217;Aulari II<\/p>\n<p>Data: 17 de novembre de 2022<\/p>\n<p><a title=\"Tri?ptico Jornades Latioamerica (1)\" href=\"https:\/\/web.ua.es\/es\/iudesp\/documentos\/actividades\/2022\/tri-ptico-jornadas-latioamerica-1.pdf\">Tr\u00edptic informatiu<\/a> del Seminari d&#8217;Investigaci\u00f3 &#8220;Avan\u00e7os constitucionals llatinoamericans en drets de la naturalesa&#8221;<\/p>\n<p>Informaci\u00f3 sobre seguiment en directe a trav\u00e9s de videostreaming en les nostres xarxes socials:<\/p>\n<p><a href=\"https:\/\/www.facebook.com\/profile.php?id=100087245840322\" target=\"_blank\" rel=\"noopener\">Facebook<\/a><\/p>\n<div>\n<div>\n<div><img loading=\"lazy\" decoding=\"async\" class=\"gmail-CToWUd\" src=\"https:\/\/static.xx.fbcdn.net\/rsrc.php\/v3\/yB\/r\/1CEpdEfs9Bi.png\" alt=\"\" width=\"20\" height=\"20\"><\/div>\n<div>\n<div>\n<div><a role=\"link\" href=\"https:\/\/www.instagram.com\/Iudesp.sede.ua?fbclid=IwAR3uEfTc2WDMRj5keZWnuQWmjnmDdtVbgOBrq4X5tHyjI9DQeNESACS1se8\" target=\"_blank\" rel=\"nofollow noopener\">Iudesp.sede.ua<\/a><\/div>\n<\/p><\/div>\n<\/p><\/div>\n<div><img loading=\"lazy\" decoding=\"async\" class=\"gmail-CToWUd\" src=\"https:\/\/static.xx.fbcdn.net\/rsrc.php\/v3\/ye\/r\/CsVzt8811m0.png\" alt=\"\" width=\"20\" height=\"20\"><\/div>\n<div>\n<div>\n<div><a role=\"link\" href=\"https:\/\/l.facebook.com\/l.php?u=https%3A%2F%2Ftwitter.com%2FIUDESP%3Ffbclid%3DIwAR2qFSHLHN0FD7UNvIDrp4Y1MXcXJaqES4ceVg9cKpXN9fhsb4vryQohXJw&amp;h=AT2npmIJhUND9AKWt42DO1TYOu7aS3Zluu4_nWjrIk7gF2WcAcowZ0JToyQGvCXV_Q0CtcWAB7lsXshLUhYJ19vJ3J9EjS9TJTtq-6fyHdZwbKf78x_ZHewkVxdY-vkvM7d4g_m3mA\" target=\"_blank\" rel=\"nofollow noopener\">IUDESP<\/a><\/div>\n<\/p><\/div>\n<\/p><\/div>\n<div>\n<div>\n<p>\u00a0<\/p>\n<\/p><\/div>\n<\/p><\/div>\n<\/p><\/div>\n<\/p><\/div>\n<p>\u00a0<\/p>\n<p>\u00a0<\/p>\n<\/div>\n<p><a href=\"https:\/\/web.ua.es\/es\/iudesp\/imagenes\/actividades\/actividades-2022\/cartel-seminario-17-de-noviembre-iudesp.jpg\">Anar a la font<\/a><\/p>\n","protected":false},"excerpt":{"rendered":"<p>Alguns processos constitucionals a Am\u00e8rica Llatina han incl\u00f2s la naturalesa com a subjecte de drets. Recon\u00e8ixer que els ecosistemes tenen drets suposa dotar-los de m\u00e9s protecci\u00f3. Di\u00e0leg entre les experi\u00e8ncies americanes i les iniciatives europees m\u00e9s pr\u00f2ximes. Lloc: Sala d&#8217;actes de l&#8217;Aulari II Data: 17 de novembre de 2022 Tr\u00edptic informatiu del Seminari d&#8217;Investigaci\u00f3 &#8220;Avan\u00e7os [&hellip;]<\/p>\n","protected":false},"author":4,"featured_media":0,"comment_status":"closed","ping_status":"closed","sticky":false,"template":"","format":"standard","meta":{"footnotes":""},"categories":[9],"tags":[],"class_list":["post-404","post","type-post","status-publish","format-standard","hentry","category-noticias"],"_links":{"self":[{"href":"https:\/\/iudesp.es\/va\/wp-json\/wp\/v2\/posts\/404","targetHints":{"allow":["GET"]}}],"collection":[{"href":"https:\/\/iudesp.es\/va\/wp-json\/wp\/v2\/posts"}],"about":[{"href":"https:\/\/iudesp.es\/va\/wp-json\/wp\/v2\/types\/post"}],"author":[{"embeddable":true,"href":"https:\/\/iudesp.es\/va\/wp-json\/wp\/v2\/users\/4"}],"replies":[{"embeddable":true,"href":"https:\/\/iudesp.es\/va\/wp-json\/wp\/v2\/comments?post=404"}],"version-history":[{"count":0,"href":"https:\/\/iudesp.es\/va\/wp-json\/wp\/v2\/posts\/404\/revisions"}],"wp:attachment":[{"href":"https:\/\/iudesp.es\/va\/wp-json\/wp\/v2\/media?parent=404"}],"wp:term":[{"taxonomy":"category","embeddable":true,"href":"https:\/\/iudesp.es\/va\/wp-json\/wp\/v2\/categories?post=404"},{"taxonomy":"post_tag","embeddable":true,"href":"https:\/\/iudesp.es\/va\/wp-json\/wp\/v2\/tags?post=404"}],"curies":[{"name":"wp","href":"https:\/\/api.w.org\/{rel}","templated":true}]}}