{"id":293,"date":"2022-04-10T17:49:50","date_gmt":"2022-04-10T15:49:50","guid":{"rendered":"https:\/\/iudesp.es\/coloquio-extrema-derecha-2-0\/"},"modified":"2022-04-10T17:49:50","modified_gmt":"2022-04-10T15:49:50","slug":"coloquio-extrema-derecha-2-0","status":"publish","type":"post","link":"https:\/\/iudesp.es\/va\/coloquio-extrema-derecha-2-0\/","title":{"rendered":"Coloquio: Extrema derecha 2.0"},"content":{"rendered":"<div>Qu\u00e9 es y c\u00f3mo combatirla Ponentes:\u00a0Steven Forti, Ramon Feensira, Rosa Solbes. Lugar y fecha: Sala de conferencias del Menador, 28 de abril a las 18h El 28 de abril tendremos un coloquio que, sin duda, nos llenar\u00e1 de aprendizajes y consideraciones en el \u00e1rea de la pol\u00edtica y c\u00f3mo \u00e9sta se maneja en la actualidad.\u00a0 A trav\u00e9s de an\u00e1lisis de los discursos de la extrema derecha que cada vez se van posicionando m\u00e1s, aprovechando los recursos de nuestra era medi\u00e1tica, esta conversaci\u00f3n entre expertos sobre la pol\u00edtica y los medios de comunicaci\u00f3n prometen reflexiones sobre las reconfiguraciones del entorno pol\u00edtico \u2026<\/div>\n","protected":false},"excerpt":{"rendered":"<p>Qu\u00e9 es y c\u00f3mo combatirla Ponentes:\u00a0Steven Forti, Ramon Feensira, Rosa Solbes. Lugar y fecha: Sala de conferencias del Menador, 28 de abril a las 18h El 28 de abril tendremos un coloquio que, sin duda, nos llenar\u00e1 de aprendizajes y consideraciones en el \u00e1rea de la pol\u00edtica y c\u00f3mo \u00e9sta se maneja en la actualidad.\u00a0 [&hellip;]<\/p>\n","protected":false},"author":3,"featured_media":0,"comment_status":"closed","ping_status":"closed","sticky":false,"template":"","format":"standard","meta":{"footnotes":""},"categories":[9],"tags":[],"class_list":["post-293","post","type-post","status-publish","format-standard","hentry","category-noticias"],"_links":{"self":[{"href":"https:\/\/iudesp.es\/va\/wp-json\/wp\/v2\/posts\/293","targetHints":{"allow":["GET"]}}],"collection":[{"href":"https:\/\/iudesp.es\/va\/wp-json\/wp\/v2\/posts"}],"about":[{"href":"https:\/\/iudesp.es\/va\/wp-json\/wp\/v2\/types\/post"}],"author":[{"embeddable":true,"href":"https:\/\/iudesp.es\/va\/wp-json\/wp\/v2\/users\/3"}],"replies":[{"embeddable":true,"href":"https:\/\/iudesp.es\/va\/wp-json\/wp\/v2\/comments?post=293"}],"version-history":[{"count":0,"href":"https:\/\/iudesp.es\/va\/wp-json\/wp\/v2\/posts\/293\/revisions"}],"wp:attachment":[{"href":"https:\/\/iudesp.es\/va\/wp-json\/wp\/v2\/media?parent=293"}],"wp:term":[{"taxonomy":"category","embeddable":true,"href":"https:\/\/iudesp.es\/va\/wp-json\/wp\/v2\/categories?post=293"},{"taxonomy":"post_tag","embeddable":true,"href":"https:\/\/iudesp.es\/va\/wp-json\/wp\/v2\/tags?post=293"}],"curies":[{"name":"wp","href":"https:\/\/api.w.org\/{rel}","templated":true}]}}