{"id":291,"date":"2022-02-28T10:02:38","date_gmt":"2022-02-28T09:02:38","guid":{"rendered":"https:\/\/iudesp.es\/iudesp-seminario-permanente-la-generacion-mas-preparada-de-la-historia-1-2-la-educacion-secundaria\/"},"modified":"2022-02-28T10:02:38","modified_gmt":"2022-02-28T09:02:38","slug":"iudesp-seminario-permanente-la-generacion-mas-preparada-de-la-historia-1-2-la-educacion-secundaria","status":"publish","type":"post","link":"https:\/\/iudesp.es\/va\/iudesp-seminario-permanente-la-generacion-mas-preparada-de-la-historia-1-2-la-educacion-secundaria\/","title":{"rendered":"IUDESP \u2013 SEMINARIO PERMANENTE: \u00bfLa generaci\u00f3n m\u00e1s preparada de la historia? (1\/2). La educaci\u00f3n secundaria"},"content":{"rendered":"<div>Jueves, 10 de marzo de 2022, a las 17:00 Aula: HC0002FR (Facultat de Ci\u00e8nces Humanes i Socials) Ponente: Juan Qu\u00edlez. Catedr\u00e1tico de F\u00edsica y Qu\u00edmica. IES Llu\u00eds Vives (Val\u00e8ncia).<\/div>\n","protected":false},"excerpt":{"rendered":"<p>Jueves, 10 de marzo de 2022, a las 17:00 Aula: HC0002FR (Facultat de Ci\u00e8nces Humanes i Socials) Ponente: Juan Qu\u00edlez. Catedr\u00e1tico de F\u00edsica y Qu\u00edmica. IES Llu\u00eds Vives (Val\u00e8ncia).<\/p>\n","protected":false},"author":3,"featured_media":0,"comment_status":"closed","ping_status":"closed","sticky":false,"template":"","format":"standard","meta":{"footnotes":""},"categories":[9],"tags":[],"class_list":["post-291","post","type-post","status-publish","format-standard","hentry","category-noticias"],"_links":{"self":[{"href":"https:\/\/iudesp.es\/va\/wp-json\/wp\/v2\/posts\/291","targetHints":{"allow":["GET"]}}],"collection":[{"href":"https:\/\/iudesp.es\/va\/wp-json\/wp\/v2\/posts"}],"about":[{"href":"https:\/\/iudesp.es\/va\/wp-json\/wp\/v2\/types\/post"}],"author":[{"embeddable":true,"href":"https:\/\/iudesp.es\/va\/wp-json\/wp\/v2\/users\/3"}],"replies":[{"embeddable":true,"href":"https:\/\/iudesp.es\/va\/wp-json\/wp\/v2\/comments?post=291"}],"version-history":[{"count":0,"href":"https:\/\/iudesp.es\/va\/wp-json\/wp\/v2\/posts\/291\/revisions"}],"wp:attachment":[{"href":"https:\/\/iudesp.es\/va\/wp-json\/wp\/v2\/media?parent=291"}],"wp:term":[{"taxonomy":"category","embeddable":true,"href":"https:\/\/iudesp.es\/va\/wp-json\/wp\/v2\/categories?post=291"},{"taxonomy":"post_tag","embeddable":true,"href":"https:\/\/iudesp.es\/va\/wp-json\/wp\/v2\/tags?post=291"}],"curies":[{"name":"wp","href":"https:\/\/api.w.org\/{rel}","templated":true}]}}